{"id":9517,"date":"2015-12-21T18:41:40","date_gmt":"2015-12-21T18:41:40","guid":{"rendered":""},"modified":"2015-12-21T18:41:40","modified_gmt":"2015-12-21T18:41:40","slug":"tumores-neuroendocrinos","status":"publish","type":"post","link":"https:\/\/sertv.gob.pa\/nacionalfm\/tumores-neuroendocrinos\/","title":{"rendered":"Tumores neuroendocrinos"},"content":{"rendered":"<p>\nLos tumores neuroendocrinos se originan en las c\u00e9lulas del mismo nombre, las cuales se hallan distribuidas por todo el cuerpo humano y afectan tanto a mujeres como a hombres.\u00a0 <\/p>\n<p>As\u00ed lo dio a conocer el onc\u00f3logo Omar Castillo Fern\u00e1ndez, quien mencion\u00f3 algunos alcances de este mal que se incluye en el grupo de los tumores de dif\u00edcil diagn\u00f3stico.\u00a0 <\/p>\n<p>Este tipo de c\u00e1ncer puede aparecer en diferentes \u00f3rganos, var\u00edan en tama\u00f1o y la rapidez con la que crecen. Empero, afecta con mayor incidencia al p\u00e1ncreas, intestino delgado y pulmones, aclar\u00f3 el experto durante una actividad de salud.\u00a0 <\/p>\n<p>Un 60% de los tumores se desarrolla en el tracto gastrointestinal y un 30% en los pulmones, de acuerdo con los registros que se manejan. \u00a0 <\/p>\n<p>La incidencia de este tipo de c\u00e1ncer se ha incrementado de manera significativa en los \u00faltimos 30 a\u00f1os, reportando m\u00e1s de cinco casos nuevos cada a\u00f1o por cada 100 mil habitantes en el mundo, seg\u00fan la  Organizaci\u00f3n Mundial de la Salud . <\/p>\n<p>La edad media del diagn\u00f3stico de un tumor neuroendocrino, subraya, se da entre la quinta y sexta d\u00e9cada de vida. <\/p>\n<p>Los tumores neuroendocrinos son espor\u00e1dicos y no presentan una causa o factores de riesgo concretos, asegura el galeno.\u00a0 <\/p>\n<p>No obstante, a pesar de no tener ning\u00fan factor de riesgo asociado, en algunos casos la persona lo puede desarrollar por factores hereditarios.\u00a0 <\/p>\n<p>Al hablar de los s\u00edntomas, el doctor a\u00f1ade que son diversos e inespec\u00edficos, por lo que suelen relacionarse con otros problemas de salud, como gastritis, hipoglucemia o s\u00edndrome de intestino irritable, asma u otro tipo de dolencias. \u00a0 <\/p>\n<p>Sin embargo, entre los s\u00edntomas m\u00e1s comunes est\u00e1n: v\u00f3mito, c\u00f3licos, diarrea, dolor abdominal, enrojecimiento facial y presi\u00f3n arterial baja o alta.\u00a0 <\/p>\n<p>M\u00e1s de un 90% de los pacientes que desarrollan esta clase de tumor primero son atendidos por otros padecimientos, y por esta raz\u00f3n el diagn\u00f3stico real puede tardar entre 5 y 7 a\u00f1os.\u00a0 <\/p>\n<p>El diagn\u00f3stico tard\u00edo de estos tumores ha propiciado que en al menos uno de cada dos pacientes haga met\u00e1stasis, extendi\u00e9ndose a otros \u00f3rganos, por eso el galeno hace un llamado a la poblaci\u00f3n que ante cualquier malestar deben consultar al m\u00e9dico, detalla el experto del  Instituto Oncol\u00f3gico Nacional . <\/p>\n<p>\u00a0 <\/p>\n<p>\u00a0 <\/p>\n","protected":false},"excerpt":{"rendered":"<p>Los tumores neuroendocrinos se originan en las c\u00e9lulas del mismo <a href=\"https:\/\/sertv.gob.pa\/nacionalfm\/tumores-neuroendocrinos\/\"> [&#8230;]<\/a><\/p>\n","protected":false},"author":1,"featured_media":9518,"comment_status":"closed","ping_status":"closed","sticky":false,"template":"","format":"standard","meta":{"footnotes":""},"categories":[5],"tags":[],"class_list":["post-9517","post","type-post","status-publish","format-standard","has-post-thumbnail","hentry","category-salud"],"_links":{"self":[{"href":"https:\/\/sertv.gob.pa\/nacionalfm\/wp-json\/wp\/v2\/posts\/9517","targetHints":{"allow":["GET"]}}],"collection":[{"href":"https:\/\/sertv.gob.pa\/nacionalfm\/wp-json\/wp\/v2\/posts"}],"about":[{"href":"https:\/\/sertv.gob.pa\/nacionalfm\/wp-json\/wp\/v2\/types\/post"}],"author":[{"embeddable":true,"href":"https:\/\/sertv.gob.pa\/nacionalfm\/wp-json\/wp\/v2\/users\/1"}],"replies":[{"embeddable":true,"href":"https:\/\/sertv.gob.pa\/nacionalfm\/wp-json\/wp\/v2\/comments?post=9517"}],"version-history":[{"count":0,"href":"https:\/\/sertv.gob.pa\/nacionalfm\/wp-json\/wp\/v2\/posts\/9517\/revisions"}],"wp:featuredmedia":[{"embeddable":true,"href":"https:\/\/sertv.gob.pa\/nacionalfm\/wp-json\/wp\/v2\/media\/9518"}],"wp:attachment":[{"href":"https:\/\/sertv.gob.pa\/nacionalfm\/wp-json\/wp\/v2\/media?parent=9517"}],"wp:term":[{"taxonomy":"category","embeddable":true,"href":"https:\/\/sertv.gob.pa\/nacionalfm\/wp-json\/wp\/v2\/categories?post=9517"},{"taxonomy":"post_tag","embeddable":true,"href":"https:\/\/sertv.gob.pa\/nacionalfm\/wp-json\/wp\/v2\/tags?post=9517"}],"curies":[{"name":"wp","href":"https:\/\/api.w.org\/{rel}","templated":true}]}}