{"id":9525,"date":"2015-12-21T20:26:24","date_gmt":"2015-12-21T20:26:24","guid":{"rendered":""},"modified":"2015-12-21T20:26:24","modified_gmt":"2015-12-21T20:26:24","slug":"correcaminos-de-colon-se-coronan-con-gran-aporte-de-danilo-pinock","status":"publish","type":"post","link":"https:\/\/sertv.gob.pa\/nacionalfm\/correcaminos-de-colon-se-coronan-con-gran-aporte-de-danilo-pinock\/","title":{"rendered":"Correcaminos de Col\u00f3n se coronan con gran aporte de Danilo Pinock"},"content":{"rendered":"<p>\nDanilo Pinnock Jr. anot\u00f3 cinco de sus 18 puntos en los \u00faltimos 40 segundos de juego, para que los Correcaminos de Col\u00f3n se coronaran como el primer campe\u00f3n de la Liga Profesional de Baloncesto (LPB), tras derrotar 74 por 71 a los Toros de Chiriqu\u00ed, en la gran final de la Copa Vicente Ramos In Memoriam. <\/p>\n<p>Ante la presencia de\u00a0 al menos 6 mil aficionados, que hicieron rugir la\u00a0 Arena Roberto Dur\u00e1n, Pinnock Jr. col\u00f3 un tir\u00f3 de tres puntos con 40 segundos en el reloj para darle ventaja 72 por 67 a los Correcaminos, luego Joel Mu\u00f1oz anot\u00f3 de dos y puso la pizarra 72-69. <\/p>\n<p>Pinnock \u00a0Jr. fue elegido el Jugador M\u00e1s Valioso de la\u00a0 final, en la que tambi\u00e9n brillo Jaime Lloreda con 14 unidades y 14 rebotes, Issac St. Rose col\u00f3 16 puntos y Laguna 11. <\/p>\n<p>Por los Toros, Mu\u00f1oz meti\u00f3 21, G\u00f3mez 16, Pedro Salazar 13 y Enrique Huie sali\u00f3 de la banca para aportar 10. <\/p>\n<p>\u00a0 <\/p>\n","protected":false},"excerpt":{"rendered":"<p>Danilo Pinnock Jr. anot\u00f3 cinco de sus 18 puntos en <a href=\"https:\/\/sertv.gob.pa\/nacionalfm\/correcaminos-de-colon-se-coronan-con-gran-aporte-de-danilo-pinock\/\"> [&#8230;]<\/a><\/p>\n","protected":false},"author":1,"featured_media":9526,"comment_status":"closed","ping_status":"closed","sticky":false,"template":"","format":"standard","meta":{"footnotes":""},"categories":[4],"tags":[],"class_list":["post-9525","post","type-post","status-publish","format-standard","has-post-thumbnail","hentry","category-deportes"],"_links":{"self":[{"href":"https:\/\/sertv.gob.pa\/nacionalfm\/wp-json\/wp\/v2\/posts\/9525","targetHints":{"allow":["GET"]}}],"collection":[{"href":"https:\/\/sertv.gob.pa\/nacionalfm\/wp-json\/wp\/v2\/posts"}],"about":[{"href":"https:\/\/sertv.gob.pa\/nacionalfm\/wp-json\/wp\/v2\/types\/post"}],"author":[{"embeddable":true,"href":"https:\/\/sertv.gob.pa\/nacionalfm\/wp-json\/wp\/v2\/users\/1"}],"replies":[{"embeddable":true,"href":"https:\/\/sertv.gob.pa\/nacionalfm\/wp-json\/wp\/v2\/comments?post=9525"}],"version-history":[{"count":0,"href":"https:\/\/sertv.gob.pa\/nacionalfm\/wp-json\/wp\/v2\/posts\/9525\/revisions"}],"wp:featuredmedia":[{"embeddable":true,"href":"https:\/\/sertv.gob.pa\/nacionalfm\/wp-json\/wp\/v2\/media\/9526"}],"wp:attachment":[{"href":"https:\/\/sertv.gob.pa\/nacionalfm\/wp-json\/wp\/v2\/media?parent=9525"}],"wp:term":[{"taxonomy":"category","embeddable":true,"href":"https:\/\/sertv.gob.pa\/nacionalfm\/wp-json\/wp\/v2\/categories?post=9525"},{"taxonomy":"post_tag","embeddable":true,"href":"https:\/\/sertv.gob.pa\/nacionalfm\/wp-json\/wp\/v2\/tags?post=9525"}],"curies":[{"name":"wp","href":"https:\/\/api.w.org\/{rel}","templated":true}]}}