{"id":9529,"date":"2015-12-21T21:02:13","date_gmt":"2015-12-21T21:02:13","guid":{"rendered":""},"modified":"2015-12-21T21:02:13","modified_gmt":"2015-12-21T21:02:13","slug":"correcaminos-de-colon-en-liga-de-las-americas","status":"publish","type":"post","link":"https:\/\/sertv.gob.pa\/nacionalfm\/correcaminos-de-colon-en-liga-de-las-americas\/","title":{"rendered":"Correcaminos de Col\u00f3n en Liga de las Am\u00e9ricas"},"content":{"rendered":"<p>\nLuego de obtener el t\u00edtulo de la Liga Profesional de Baloncesto de Panam\u00e1, los Correcaminos de Col\u00f3n representar\u00e1n a Panam\u00e1, en el Torneo de las Am\u00e9ricas, en el cual asisten los clubes campeones y subcampeones de las ligas del contiente. <\/p>\n<p>Los Correcaminos ser\u00e1n los anfitriones del Grupo C, que adem\u00e1s integran el Flamengo de Brasil, Gimnasia y Esgrima de Comodoro de Argentina y las \u00c1guilas de Tunja de Colombia. <\/p>\n<p>El cuadrangular de Grupo C se jugar\u00e1 en Panam\u00e1 los d\u00edas 29, 30 y 31 de enero del 2016. En la Liga de las Am\u00e9ricas participan 16 equipos divididos en cuatro grupos. <\/p>\n","protected":false},"excerpt":{"rendered":"<p>Luego de obtener el t\u00edtulo de la Liga Profesional de <a href=\"https:\/\/sertv.gob.pa\/nacionalfm\/correcaminos-de-colon-en-liga-de-las-americas\/\"> [&#8230;]<\/a><\/p>\n","protected":false},"author":1,"featured_media":9530,"comment_status":"closed","ping_status":"closed","sticky":false,"template":"","format":"standard","meta":{"footnotes":""},"categories":[4],"tags":[],"class_list":["post-9529","post","type-post","status-publish","format-standard","has-post-thumbnail","hentry","category-deportes"],"_links":{"self":[{"href":"https:\/\/sertv.gob.pa\/nacionalfm\/wp-json\/wp\/v2\/posts\/9529","targetHints":{"allow":["GET"]}}],"collection":[{"href":"https:\/\/sertv.gob.pa\/nacionalfm\/wp-json\/wp\/v2\/posts"}],"about":[{"href":"https:\/\/sertv.gob.pa\/nacionalfm\/wp-json\/wp\/v2\/types\/post"}],"author":[{"embeddable":true,"href":"https:\/\/sertv.gob.pa\/nacionalfm\/wp-json\/wp\/v2\/users\/1"}],"replies":[{"embeddable":true,"href":"https:\/\/sertv.gob.pa\/nacionalfm\/wp-json\/wp\/v2\/comments?post=9529"}],"version-history":[{"count":0,"href":"https:\/\/sertv.gob.pa\/nacionalfm\/wp-json\/wp\/v2\/posts\/9529\/revisions"}],"wp:featuredmedia":[{"embeddable":true,"href":"https:\/\/sertv.gob.pa\/nacionalfm\/wp-json\/wp\/v2\/media\/9530"}],"wp:attachment":[{"href":"https:\/\/sertv.gob.pa\/nacionalfm\/wp-json\/wp\/v2\/media?parent=9529"}],"wp:term":[{"taxonomy":"category","embeddable":true,"href":"https:\/\/sertv.gob.pa\/nacionalfm\/wp-json\/wp\/v2\/categories?post=9529"},{"taxonomy":"post_tag","embeddable":true,"href":"https:\/\/sertv.gob.pa\/nacionalfm\/wp-json\/wp\/v2\/tags?post=9529"}],"curies":[{"name":"wp","href":"https:\/\/api.w.org\/{rel}","templated":true}]}}