{"id":9531,"date":"2015-12-21T21:22:27","date_gmt":"2015-12-21T21:22:27","guid":{"rendered":""},"modified":"2015-12-21T21:22:27","modified_gmt":"2015-12-21T21:22:27","slug":"favorecen-a-boricua-con-empate-ante-nicholas-walter","status":"publish","type":"post","link":"https:\/\/sertv.gob.pa\/nacionalfm\/favorecen-a-boricua-con-empate-ante-nicholas-walter\/","title":{"rendered":"Favorecen a boricua con empate ante Nicholas Walter"},"content":{"rendered":"<p>\nEl p\u00fagil puertorrique\u00f1o Jason Sosa fue beneficiado con un empate ante el ex campe\u00f3n mundial pluma el jamaiquino residente en Panam\u00e1 Nicholas Walters, en combate celebrado en Verona, Nueva York. <\/p>\n<p>Seg\u00fan los reportes del pleito, Walters domin\u00f3 al boricua de principio a fin, lo meti\u00f3 a su ritmo, a su contienda. El caribe\u00f1o meti\u00f3 los mejores golpes, pero los jueces vieron otro combate. <\/p>\n<p>La puntuaci\u00f3n fue: 96-94 para Sosa y 95-95, 95-95. Es una de las peores decisiones que se han dado en el a\u00f1o, opinaron. <\/p>\n<p>\u00a0 <\/p>\n","protected":false},"excerpt":{"rendered":"<p>El p\u00fagil puertorrique\u00f1o Jason Sosa fue beneficiado con un empate <a href=\"https:\/\/sertv.gob.pa\/nacionalfm\/favorecen-a-boricua-con-empate-ante-nicholas-walter\/\"> [&#8230;]<\/a><\/p>\n","protected":false},"author":1,"featured_media":9532,"comment_status":"closed","ping_status":"closed","sticky":false,"template":"","format":"standard","meta":{"footnotes":""},"categories":[4],"tags":[],"class_list":["post-9531","post","type-post","status-publish","format-standard","has-post-thumbnail","hentry","category-deportes"],"_links":{"self":[{"href":"https:\/\/sertv.gob.pa\/nacionalfm\/wp-json\/wp\/v2\/posts\/9531","targetHints":{"allow":["GET"]}}],"collection":[{"href":"https:\/\/sertv.gob.pa\/nacionalfm\/wp-json\/wp\/v2\/posts"}],"about":[{"href":"https:\/\/sertv.gob.pa\/nacionalfm\/wp-json\/wp\/v2\/types\/post"}],"author":[{"embeddable":true,"href":"https:\/\/sertv.gob.pa\/nacionalfm\/wp-json\/wp\/v2\/users\/1"}],"replies":[{"embeddable":true,"href":"https:\/\/sertv.gob.pa\/nacionalfm\/wp-json\/wp\/v2\/comments?post=9531"}],"version-history":[{"count":0,"href":"https:\/\/sertv.gob.pa\/nacionalfm\/wp-json\/wp\/v2\/posts\/9531\/revisions"}],"wp:featuredmedia":[{"embeddable":true,"href":"https:\/\/sertv.gob.pa\/nacionalfm\/wp-json\/wp\/v2\/media\/9532"}],"wp:attachment":[{"href":"https:\/\/sertv.gob.pa\/nacionalfm\/wp-json\/wp\/v2\/media?parent=9531"}],"wp:term":[{"taxonomy":"category","embeddable":true,"href":"https:\/\/sertv.gob.pa\/nacionalfm\/wp-json\/wp\/v2\/categories?post=9531"},{"taxonomy":"post_tag","embeddable":true,"href":"https:\/\/sertv.gob.pa\/nacionalfm\/wp-json\/wp\/v2\/tags?post=9531"}],"curies":[{"name":"wp","href":"https:\/\/api.w.org\/{rel}","templated":true}]}}