{"id":9535,"date":"2015-12-21T21:41:43","date_gmt":"2015-12-21T21:41:43","guid":{"rendered":""},"modified":"2015-12-21T21:41:43","modified_gmt":"2015-12-21T21:41:43","slug":"fina-reconoce-a-wever-luego-de-nuevas-elecciones-en-natacion","status":"publish","type":"post","link":"https:\/\/sertv.gob.pa\/nacionalfm\/fina-reconoce-a-wever-luego-de-nuevas-elecciones-en-natacion\/","title":{"rendered":"FINA reconoce a Wever, luego de nuevas elecciones en Nataci\u00f3n"},"content":{"rendered":"<p>\nLa Federaci\u00f3n Internacional de Nataci\u00f3n (FINA) reconoce a Franz Wever como presidente de la Federaci\u00f3n Paname\u00f1a de Nataci\u00f3n luego que este fuera elegido por una votaci\u00f3n de 3-0, que se realiz\u00f3 recientemente en un hotel de la localidad, en el cual estuvo presente el ex presidente Carlos Castillo y por la entidad internacional la doctora Margo Mountijoy. <\/p>\n<p>Para estas elecciones fueron a votar cuatro provincias de las cincos, ya que Veraguas no asisti\u00f3 y se inhabilit\u00f3 el voto de la provincia de Herrera por no presentar credenciales. Siendo as\u00ed quedando una solo n\u00f3mina donde se fue a la votaci\u00f3n quedando (3-0) a favor de Franz Wever. <\/p>\n<p>Cabe se\u00f1alar que las provincias que ejercieron su voto fueron: Panam\u00e1, Chiriqu\u00ed y Col\u00f3n. <\/p>\n<p>Luego de su triunfo Wever indic\u00f3 que gracias a Dios termina este episodio de las elecciones y diferencias para arrancar uno nuevo, que beneficiar\u00e1 a los atletas y a la nataci\u00f3n nacional y lo \u00fanico que queda es trabajar y seguir adelante. <\/p>\n<p>&ldquo;Ahora nos toca pedir apoyo al gobierno para que nos ayude a desarrollar los planes de trabajo que tenemos por delante como: un convenio con el Ministerio de Educaci\u00f3n donde se vuelvan a realizar competencias intercolegiales de nataci\u00f3n, de polo acu\u00e1tico y de ser posible nado sincronizado&rdquo;, indic\u00f3 Wever. <\/p>\n<p>De igual forma se tendr\u00e1n conversaciones con el alcalde de Panam\u00e1 Jos\u00e9 Isabel Bland\u00f3n, ya que hay muchas piscinas municipales que solo se usa para la recreaci\u00f3n, cuando se pueden descubrir grandes talentos en ellas. <\/p>\n<p>\u00a0\u00a0\u00a0\u00a0\u00a0\u00a0\u00a0\u00a0\u00a0\u00a0\u00a0\u00a0 <\/p>\n","protected":false},"excerpt":{"rendered":"<p>La Federaci\u00f3n Internacional de Nataci\u00f3n (FINA) reconoce a Franz Wever <a href=\"https:\/\/sertv.gob.pa\/nacionalfm\/fina-reconoce-a-wever-luego-de-nuevas-elecciones-en-natacion\/\"> [&#8230;]<\/a><\/p>\n","protected":false},"author":1,"featured_media":9536,"comment_status":"closed","ping_status":"closed","sticky":false,"template":"","format":"standard","meta":{"footnotes":""},"categories":[4],"tags":[],"class_list":["post-9535","post","type-post","status-publish","format-standard","has-post-thumbnail","hentry","category-deportes"],"_links":{"self":[{"href":"https:\/\/sertv.gob.pa\/nacionalfm\/wp-json\/wp\/v2\/posts\/9535","targetHints":{"allow":["GET"]}}],"collection":[{"href":"https:\/\/sertv.gob.pa\/nacionalfm\/wp-json\/wp\/v2\/posts"}],"about":[{"href":"https:\/\/sertv.gob.pa\/nacionalfm\/wp-json\/wp\/v2\/types\/post"}],"author":[{"embeddable":true,"href":"https:\/\/sertv.gob.pa\/nacionalfm\/wp-json\/wp\/v2\/users\/1"}],"replies":[{"embeddable":true,"href":"https:\/\/sertv.gob.pa\/nacionalfm\/wp-json\/wp\/v2\/comments?post=9535"}],"version-history":[{"count":0,"href":"https:\/\/sertv.gob.pa\/nacionalfm\/wp-json\/wp\/v2\/posts\/9535\/revisions"}],"wp:featuredmedia":[{"embeddable":true,"href":"https:\/\/sertv.gob.pa\/nacionalfm\/wp-json\/wp\/v2\/media\/9536"}],"wp:attachment":[{"href":"https:\/\/sertv.gob.pa\/nacionalfm\/wp-json\/wp\/v2\/media?parent=9535"}],"wp:term":[{"taxonomy":"category","embeddable":true,"href":"https:\/\/sertv.gob.pa\/nacionalfm\/wp-json\/wp\/v2\/categories?post=9535"},{"taxonomy":"post_tag","embeddable":true,"href":"https:\/\/sertv.gob.pa\/nacionalfm\/wp-json\/wp\/v2\/tags?post=9535"}],"curies":[{"name":"wp","href":"https:\/\/api.w.org\/{rel}","templated":true}]}}