{"id":9537,"date":"2015-12-21T22:01:47","date_gmt":"2015-12-21T22:01:47","guid":{"rendered":""},"modified":"2015-12-21T22:01:47","modified_gmt":"2015-12-21T22:01:47","slug":"amb-rinde-homenaje-a-chiricano-manuel-landeros","status":"publish","type":"post","link":"https:\/\/sertv.gob.pa\/nacionalfm\/amb-rinde-homenaje-a-chiricano-manuel-landeros\/","title":{"rendered":"AMB rinde homenaje a chiricano Manuel Landeros"},"content":{"rendered":"<p>\nUn emotivo homenaje a Manuel Landero, miembro del Directorio de la Asociaci\u00f3n Mundial de Boxeo, y parte de la Familia AMB desde hace m\u00e1s de cuatro d\u00e9cadas, se cumpli\u00f3 durante la 94\u00b0 Convenci\u00f3n que se realiz\u00f3 recientemente en el Hotel Westin Playa Bonita, de Panam\u00e1. <\/p>\n<p>El presidente del ente mundial, Gilberto Jes\u00fas Mendoza, encabez\u00f3, junto a la plana mayor, el homenaje para quien ha cumplido con funciones dentro de la AMB desde 1967 cuando se uni\u00f3 al Comit\u00e9 de Oficiales. <\/p>\n<p>&ldquo;Siempre lo he dicho, Panam\u00e1 es parte de la historia de la Asociaci\u00f3n Mundial de Boxeo, le debemos much\u00edsimo a Panam\u00e1, y s\u00ed hay pilares fundamentales uno de esos es Manuel Landero de Chiriqu\u00ed&rdquo;, dijo Mendoza. <\/p>\n<p>Landero, ha sido una personalidad relevante dentro de la comunidad de Chiriqu\u00ed, Panam\u00e1, donde ha cumplido con responsabilidades como Director Adjunto del Tribunal Electoral, Director Regional del Comercio e Industria, Director Provincial del Instituto del Deporte, Director Adjunto de la Superintendencia de Chiriqu\u00ed ferrocarril y el director de los Servicios Generales de la Consejer\u00eda de Obras P\u00fablicas de Chiriqu\u00ed. <\/p>\n<p>\u00a0 <\/p>\n","protected":false},"excerpt":{"rendered":"<p>Un emotivo homenaje a Manuel Landero, miembro del Directorio de <a href=\"https:\/\/sertv.gob.pa\/nacionalfm\/amb-rinde-homenaje-a-chiricano-manuel-landeros\/\"> [&#8230;]<\/a><\/p>\n","protected":false},"author":1,"featured_media":9538,"comment_status":"closed","ping_status":"closed","sticky":false,"template":"","format":"standard","meta":{"footnotes":""},"categories":[4],"tags":[],"class_list":["post-9537","post","type-post","status-publish","format-standard","has-post-thumbnail","hentry","category-deportes"],"_links":{"self":[{"href":"https:\/\/sertv.gob.pa\/nacionalfm\/wp-json\/wp\/v2\/posts\/9537","targetHints":{"allow":["GET"]}}],"collection":[{"href":"https:\/\/sertv.gob.pa\/nacionalfm\/wp-json\/wp\/v2\/posts"}],"about":[{"href":"https:\/\/sertv.gob.pa\/nacionalfm\/wp-json\/wp\/v2\/types\/post"}],"author":[{"embeddable":true,"href":"https:\/\/sertv.gob.pa\/nacionalfm\/wp-json\/wp\/v2\/users\/1"}],"replies":[{"embeddable":true,"href":"https:\/\/sertv.gob.pa\/nacionalfm\/wp-json\/wp\/v2\/comments?post=9537"}],"version-history":[{"count":0,"href":"https:\/\/sertv.gob.pa\/nacionalfm\/wp-json\/wp\/v2\/posts\/9537\/revisions"}],"wp:featuredmedia":[{"embeddable":true,"href":"https:\/\/sertv.gob.pa\/nacionalfm\/wp-json\/wp\/v2\/media\/9538"}],"wp:attachment":[{"href":"https:\/\/sertv.gob.pa\/nacionalfm\/wp-json\/wp\/v2\/media?parent=9537"}],"wp:term":[{"taxonomy":"category","embeddable":true,"href":"https:\/\/sertv.gob.pa\/nacionalfm\/wp-json\/wp\/v2\/categories?post=9537"},{"taxonomy":"post_tag","embeddable":true,"href":"https:\/\/sertv.gob.pa\/nacionalfm\/wp-json\/wp\/v2\/tags?post=9537"}],"curies":[{"name":"wp","href":"https:\/\/api.w.org\/{rel}","templated":true}]}}