{"id":95470,"date":"2024-04-30T12:16:59","date_gmt":"2024-04-30T17:16:59","guid":{"rendered":"https:\/\/sertv.gob.pa\/nacionalfm\/?p=95470"},"modified":"2024-04-30T12:16:59","modified_gmt":"2024-04-30T17:16:59","slug":"limones-persas-y-naranjas-valencias-panamenas-llegan-a-mercado-de-las-antillas","status":"publish","type":"post","link":"https:\/\/sertv.gob.pa\/nacionalfm\/limones-persas-y-naranjas-valencias-panamenas-llegan-a-mercado-de-las-antillas\/","title":{"rendered":"Limones persas y naranjas valencias paname\u00f1as llegan a mercado de las Antillas"},"content":{"rendered":"<div class=\"fusion-fullwidth fullwidth-box fusion-builder-row-1 fusion-flex-container has-pattern-background has-mask-background nonhundred-percent-fullwidth non-hundred-percent-height-scrolling\" style=\"--awb-border-radius-top-left:0px;--awb-border-radius-top-right:0px;--awb-border-radius-bottom-right:0px;--awb-border-radius-bottom-left:0px;--awb-flex-wrap:wrap;\" ><div class=\"fusion-builder-row fusion-row fusion-flex-align-items-flex-start fusion-flex-content-wrap\" style=\"max-width:1144px;margin-left: calc(-4% \/ 2 );margin-right: calc(-4% \/ 2 );\"><div class=\"fusion-layout-column fusion_builder_column fusion-builder-column-0 fusion_builder_column_1_1 1_1 fusion-flex-column\" style=\"--awb-bg-size:cover;--awb-width-large:100%;--awb-margin-top-large:0px;--awb-spacing-right-large:1.92%;--awb-margin-bottom-large:20px;--awb-spacing-left-large:1.92%;--awb-width-medium:100%;--awb-order-medium:0;--awb-spacing-right-medium:1.92%;--awb-spacing-left-medium:1.92%;--awb-width-small:100%;--awb-order-small:0;--awb-spacing-right-small:1.92%;--awb-spacing-left-small:1.92%;\"><div class=\"fusion-column-wrapper fusion-column-has-shadow fusion-flex-justify-content-flex-start fusion-content-layout-column\"><div class=\"fusion-text fusion-text-1\"><p><strong><em>Las exportaciones de productos agropecuarios siguen aumentando y cada vez son nuevos los mercados interesados en los productos nacionales.\u00a0 En esta oportunidad, la Empresa Caribowox Panam\u00e1 S.A, dio\u00a0 inicio a las exportaciones de c\u00edtricos (naranjas de la variedad valencia y limones persa), con destino a las Islas Antillas Martinica y Guadalupe frutas, al cumplir\u00a0 con los est\u00e1ndares de calidad, desde la planta de c\u00edtricos Gabriela, ubicada en\u00a0 Toabr\u00e9,\u00a0 provincia de Cocl\u00e9.<\/em><\/strong><\/p>\n<p><strong><em>El representante de la empresa, Caribowox Panam\u00e1,\u00a0Jean Francois, expres\u00f3 que, se encuentra muy\u00a0motivado con el inicio de estas\u00a0exportaciones,\u00a0ya que, Panam\u00e1, presenta gran potencial en la calidad de las frutas, con lo que se busca incentivar a m\u00e1s productores del rubro a seguir con el cumplimiento de las normas Fito zoosanitarias.<\/em><\/strong><\/p>\n<p><strong><em>Destac\u00f3 que,\u00a0 para lograr cumplir con las proyecciones de ocho contenedores mensuales de esta fruta,\u00a0se cuenta con la\u00a0asistencia que les brindan\u00a0las Direcciones Nacionales del Ministerio de Desarrollo Agropecuario (MIDA), como son\u00a0Sanidad Vegetal y Agronegocio para hacer un \u00e9xito esta actividad.<\/em><\/strong><\/p>\n<p><strong><em>De\u00a0igual forma, Agro SI Consulting, en nota enviada al director de Agronegocio, Tom\u00e1s Sol\u00eds, agradeci\u00f3\u00a0el apoyo crucial de esta Direcci\u00f3n\u00a0 \u00a0del\u00a0MIDA, para con los\u00a0clientes agroexportador Caribowox S.A. y el productor de Limones Persas Tropical Fruit Growers en Cocl\u00e9.\u00a0<\/em><\/strong><\/p>\n<p><strong><em>Destacan que, gracias a la ayuda al equipo de Agronegocio del MIDA, han\u00a0podido enviar hacia territorio de la Uni\u00f3n Europea el d\u00eda 25 de abril un contenedor que lleva naranjas y 60 mil limones de la provincia de Cocl\u00e9. Totalizando a la fecha 130 mil limones persas exportados desde Cocl\u00e9. Con gran posibilidad de aumentar significativamente la cantidad en 2024 y 2025.\u00a0<\/em><\/strong><\/p>\n<p><strong><em>Agrega la nota, que\u00a0Agro Si Consulting, se\u00a0enorgullece facilitar estas conexiones entre compradores y productores, contribuyendo as\u00ed a la visibilidad de los productos paname\u00f1os de calidad en mercados internacionales. \u201cEstamos entusiasmados por continuar trabajando juntos, promoviendo m\u00e1s casos de \u00e9xito en diversos productos de Agroexportaci\u00f3n\u201d, destacaron.<\/em><\/strong><\/p>\n<p><strong><em>\u00a0<\/em><\/strong><\/p>\n<p>Fuente: MIDA<\/p>\n<\/div><div class=\"awb-gallery-wrapper awb-gallery-wrapper-1 button-span-no\" style=\"--more-btn-alignment:center;\"><div style=\"margin:-5px;--awb-bordersize:0px;\" class=\"fusion-gallery fusion-gallery-container fusion-grid-3 fusion-columns-total-1 fusion-gallery-layout-grid fusion-gallery-1\"><div style=\"padding:5px;\" class=\"fusion-grid-column fusion-gallery-column fusion-gallery-column-3 hover-type-none\"><div class=\"fusion-gallery-image\"><a href=\"https:\/\/sertv.gob.pa\/nacionalfm\/wp-content\/uploads\/sites\/6\/2024\/04\/NARANJA-2.jpg\" rel=\"noreferrer\" data-rel=\"iLightbox[gallery_image_1]\" class=\"fusion-lightbox\" target=\"_self\"><img decoding=\"async\" src=\"https:\/\/sertv.gob.pa\/nacionalfm\/wp-content\/uploads\/sites\/6\/2024\/04\/NARANJA-2.jpg\" width=\"450\" height=\"600\" alt=\"\" title=\"NARANJA 2\" aria-label=\"NARANJA 2\" class=\"img-responsive wp-image-95472\" srcset=\"https:\/\/sertv.gob.pa\/nacionalfm\/wp-content\/uploads\/sites\/6\/2024\/04\/NARANJA-2-200x267.jpg 200w, https:\/\/sertv.gob.pa\/nacionalfm\/wp-content\/uploads\/sites\/6\/2024\/04\/NARANJA-2-400x533.jpg 400w, https:\/\/sertv.gob.pa\/nacionalfm\/wp-content\/uploads\/sites\/6\/2024\/04\/NARANJA-2.jpg 450w\" sizes=\"(min-width: 2200px) 100vw, (min-width: 784px) 363px, (min-width: 712px) 545px, (min-width: 640px) 712px, \" \/><\/a><\/div><\/div><\/div><\/div><\/div><\/div><\/div><\/div>\n","protected":false},"excerpt":{"rendered":"","protected":false},"author":9,"featured_media":95471,"comment_status":"closed","ping_status":"closed","sticky":false,"template":"","format":"standard","meta":{"footnotes":""},"categories":[2],"tags":[],"class_list":["post-95470","post","type-post","status-publish","format-standard","has-post-thumbnail","hentry","category-nacionales"],"_links":{"self":[{"href":"https:\/\/sertv.gob.pa\/nacionalfm\/wp-json\/wp\/v2\/posts\/95470","targetHints":{"allow":["GET"]}}],"collection":[{"href":"https:\/\/sertv.gob.pa\/nacionalfm\/wp-json\/wp\/v2\/posts"}],"about":[{"href":"https:\/\/sertv.gob.pa\/nacionalfm\/wp-json\/wp\/v2\/types\/post"}],"author":[{"embeddable":true,"href":"https:\/\/sertv.gob.pa\/nacionalfm\/wp-json\/wp\/v2\/users\/9"}],"replies":[{"embeddable":true,"href":"https:\/\/sertv.gob.pa\/nacionalfm\/wp-json\/wp\/v2\/comments?post=95470"}],"version-history":[{"count":1,"href":"https:\/\/sertv.gob.pa\/nacionalfm\/wp-json\/wp\/v2\/posts\/95470\/revisions"}],"predecessor-version":[{"id":95473,"href":"https:\/\/sertv.gob.pa\/nacionalfm\/wp-json\/wp\/v2\/posts\/95470\/revisions\/95473"}],"wp:featuredmedia":[{"embeddable":true,"href":"https:\/\/sertv.gob.pa\/nacionalfm\/wp-json\/wp\/v2\/media\/95471"}],"wp:attachment":[{"href":"https:\/\/sertv.gob.pa\/nacionalfm\/wp-json\/wp\/v2\/media?parent=95470"}],"wp:term":[{"taxonomy":"category","embeddable":true,"href":"https:\/\/sertv.gob.pa\/nacionalfm\/wp-json\/wp\/v2\/categories?post=95470"},{"taxonomy":"post_tag","embeddable":true,"href":"https:\/\/sertv.gob.pa\/nacionalfm\/wp-json\/wp\/v2\/tags?post=95470"}],"curies":[{"name":"wp","href":"https:\/\/api.w.org\/{rel}","templated":true}]}}