{"id":9553,"date":"2015-12-22T16:24:30","date_gmt":"2015-12-22T16:24:30","guid":{"rendered":""},"modified":"2015-12-22T16:24:30","modified_gmt":"2015-12-22T16:24:30","slug":"nuevo-tratamiento-para-combatir-dolor-cronico-es-propuesto","status":"publish","type":"post","link":"https:\/\/sertv.gob.pa\/nacionalfm\/nuevo-tratamiento-para-combatir-dolor-cronico-es-propuesto\/","title":{"rendered":"Nuevo tratamiento para combatir dolor cr\u00f3nico es propuesto"},"content":{"rendered":"<p>\nLa combinaci\u00f3n de dos medicamentos -un antiinflamatorio y otro que act\u00faa sobre la dopamina- puede hacer \u00abm\u00e1s eficaz\u00bb el tratamiento contra el dolor cr\u00f3nico, seg\u00fan un estudio con roedores publicado en la revista  Nature Neuroscience . <\/p>\n<p>Los investigadores de la Escuela de Medicina de la Universidad estadounidense de Northwestern descubrieron adem\u00e1s que una regi\u00f3n del cerebro que controla si nos sentimos contentos o tristes, as\u00ed como las adicciones, es remodelada por el dolor cr\u00f3nico. <\/p>\n<p>El tratamiento recupera esa regi\u00f3n cerebral y disminuye de forma dr\u00e1stica los s\u00edntomas del dolor en un modelo con animales, se\u00f1ala el estudio. <\/p>\n<p>Al entender la causa que genera tales cambios en el cerebro \u00abfuimos capaces de dise\u00f1ar un tratamiento corrector que funcion\u00f3 realmente bien en los modelos\u00bb con animales. <\/p>\n<p>\u00abLa cuesti\u00f3n ahora es si funcionar\u00e1 tambi\u00e9n con humanos\u00bb, indic\u00f3 uno de los autores del estudio James Surmeier, para lo que est\u00e1n llevando a cabo un test cl\u00ednico. <\/p>\n<p>\u00a0 <\/p>\n<p>\u00a0 <\/p>\n","protected":false},"excerpt":{"rendered":"<p>La combinaci\u00f3n de dos medicamentos -un antiinflamatorio y otro que <a href=\"https:\/\/sertv.gob.pa\/nacionalfm\/nuevo-tratamiento-para-combatir-dolor-cronico-es-propuesto\/\"> [&#8230;]<\/a><\/p>\n","protected":false},"author":1,"featured_media":9554,"comment_status":"closed","ping_status":"closed","sticky":false,"template":"","format":"standard","meta":{"footnotes":""},"categories":[5],"tags":[],"class_list":["post-9553","post","type-post","status-publish","format-standard","has-post-thumbnail","hentry","category-salud"],"_links":{"self":[{"href":"https:\/\/sertv.gob.pa\/nacionalfm\/wp-json\/wp\/v2\/posts\/9553","targetHints":{"allow":["GET"]}}],"collection":[{"href":"https:\/\/sertv.gob.pa\/nacionalfm\/wp-json\/wp\/v2\/posts"}],"about":[{"href":"https:\/\/sertv.gob.pa\/nacionalfm\/wp-json\/wp\/v2\/types\/post"}],"author":[{"embeddable":true,"href":"https:\/\/sertv.gob.pa\/nacionalfm\/wp-json\/wp\/v2\/users\/1"}],"replies":[{"embeddable":true,"href":"https:\/\/sertv.gob.pa\/nacionalfm\/wp-json\/wp\/v2\/comments?post=9553"}],"version-history":[{"count":0,"href":"https:\/\/sertv.gob.pa\/nacionalfm\/wp-json\/wp\/v2\/posts\/9553\/revisions"}],"wp:featuredmedia":[{"embeddable":true,"href":"https:\/\/sertv.gob.pa\/nacionalfm\/wp-json\/wp\/v2\/media\/9554"}],"wp:attachment":[{"href":"https:\/\/sertv.gob.pa\/nacionalfm\/wp-json\/wp\/v2\/media?parent=9553"}],"wp:term":[{"taxonomy":"category","embeddable":true,"href":"https:\/\/sertv.gob.pa\/nacionalfm\/wp-json\/wp\/v2\/categories?post=9553"},{"taxonomy":"post_tag","embeddable":true,"href":"https:\/\/sertv.gob.pa\/nacionalfm\/wp-json\/wp\/v2\/tags?post=9553"}],"curies":[{"name":"wp","href":"https:\/\/api.w.org\/{rel}","templated":true}]}}