{"id":9555,"date":"2015-12-22T16:41:18","date_gmt":"2015-12-22T16:41:18","guid":{"rendered":""},"modified":"2015-12-22T16:41:18","modified_gmt":"2015-12-22T16:41:18","slug":"caballos-de-cocle-vencen-a-las-aguilas-metropolitanas-en-probeis","status":"publish","type":"post","link":"https:\/\/sertv.gob.pa\/nacionalfm\/caballos-de-cocle-vencen-a-las-aguilas-metropolitanas-en-probeis\/","title":{"rendered":"Caballos de Cocl\u00e9 vencen a las \u00c1guilas Metropolitanas en PROBEIS"},"content":{"rendered":"<p>\nLos Caballos de Cocl\u00e9 vencieron 5-1 a las \u00c1guilas Metropolitanas en partido jugado en el estadio Rod Carew de la capital. <\/p>\n<p>Los Caballos abrieron el marcador en la primera entrada cuando Irait Chirino dio imparable, remolcando a Kevin Ramos. <\/p>\n<p>Entre los mejores por los Caballos estuvieron: Luis Rodr\u00edguez de 4-2; Isa\u00edas Vel\u00e1squez de 4-2, un triple; Irait Chirino 3-1, un jonr\u00f3n y tres impulsadas. <\/p>\n<p>Y por Las \u00c1guilas: Eduardo Thomas de 2-1; Carlos Mosquera 4-1 y Jonathan Ara\u00faz de 4-1. <\/p>\n","protected":false},"excerpt":{"rendered":"<p>Los Caballos de Cocl\u00e9 vencieron 5-1 a las \u00c1guilas Metropolitanas <a href=\"https:\/\/sertv.gob.pa\/nacionalfm\/caballos-de-cocle-vencen-a-las-aguilas-metropolitanas-en-probeis\/\"> [&#8230;]<\/a><\/p>\n","protected":false},"author":1,"featured_media":9556,"comment_status":"closed","ping_status":"closed","sticky":false,"template":"","format":"standard","meta":{"footnotes":""},"categories":[4],"tags":[],"class_list":["post-9555","post","type-post","status-publish","format-standard","has-post-thumbnail","hentry","category-deportes"],"_links":{"self":[{"href":"https:\/\/sertv.gob.pa\/nacionalfm\/wp-json\/wp\/v2\/posts\/9555","targetHints":{"allow":["GET"]}}],"collection":[{"href":"https:\/\/sertv.gob.pa\/nacionalfm\/wp-json\/wp\/v2\/posts"}],"about":[{"href":"https:\/\/sertv.gob.pa\/nacionalfm\/wp-json\/wp\/v2\/types\/post"}],"author":[{"embeddable":true,"href":"https:\/\/sertv.gob.pa\/nacionalfm\/wp-json\/wp\/v2\/users\/1"}],"replies":[{"embeddable":true,"href":"https:\/\/sertv.gob.pa\/nacionalfm\/wp-json\/wp\/v2\/comments?post=9555"}],"version-history":[{"count":0,"href":"https:\/\/sertv.gob.pa\/nacionalfm\/wp-json\/wp\/v2\/posts\/9555\/revisions"}],"wp:featuredmedia":[{"embeddable":true,"href":"https:\/\/sertv.gob.pa\/nacionalfm\/wp-json\/wp\/v2\/media\/9556"}],"wp:attachment":[{"href":"https:\/\/sertv.gob.pa\/nacionalfm\/wp-json\/wp\/v2\/media?parent=9555"}],"wp:term":[{"taxonomy":"category","embeddable":true,"href":"https:\/\/sertv.gob.pa\/nacionalfm\/wp-json\/wp\/v2\/categories?post=9555"},{"taxonomy":"post_tag","embeddable":true,"href":"https:\/\/sertv.gob.pa\/nacionalfm\/wp-json\/wp\/v2\/tags?post=9555"}],"curies":[{"name":"wp","href":"https:\/\/api.w.org\/{rel}","templated":true}]}}