{"id":9567,"date":"2015-12-22T21:09:34","date_gmt":"2015-12-22T21:09:34","guid":{"rendered":""},"modified":"2015-12-22T21:09:34","modified_gmt":"2015-12-22T21:09:34","slug":"nacional-de-beisbol-juvenil-dedicado-a-monchi-webster","status":"publish","type":"post","link":"https:\/\/sertv.gob.pa\/nacionalfm\/nacional-de-beisbol-juvenil-dedicado-a-monchi-webster\/","title":{"rendered":"Nacional de B\u00e9isbol Juvenil dedicado a \u201cMonchi\u201d Webster"},"content":{"rendered":"<p>\nEl Campeonato Nacional de B\u00e9isbol Juvenil ser\u00e1 dedicado este a\u00f1o 2016 a Ram\u00f3n\u00a0 &ldquo;Monchi&rdquo; Webster, seg\u00fan anunci\u00f3 la Junta Directiva de la Federaci\u00f3n Paname\u00f1a de B\u00e9isbol, y agrega que todo est\u00e1 listo para el inicio de la versi\u00f3n n\u00famero 47, que arranca el 3 de enero en el estadio Nacional Rod Carew, con el encuentro entre Panam\u00e1 Metro y Los Santos. <\/p>\n<p>Pedro Meil\u00e1n, en su condici\u00f3n de vocero oficial de la Federaci\u00f3n, indic\u00f3 que para la inauguraci\u00f3n del Campeonato se estar\u00e1 presentando un l\u00facido programa, el cual incluye grandes sorpresas para el p\u00fablico asistente. La programaci\u00f3n, que iniciar\u00e1 a las 3:00 p.m., contempla dos horas de espect\u00e1culos para el deleite de la familia paname\u00f1a\u00a0 y los actos protocolares se realizar\u00e1n desde las 5:10 p.m. <\/p>\n<p>El Campeonato tiene una duraci\u00f3n de aproximadamente dos meses, celebr\u00e1ndose un total de 141 partidos, con la participaci\u00f3n de 264 peloteros. El torneo constar\u00e1 de cuatro series, ya que este a\u00f1o a diferencia de a\u00f1os anteriores, se estar\u00e1 jugando la Serie de Seis. Otro cambio significativo en el sistema de juego, es que la Semi Final est\u00e1 pactada a serie de siete de juegos.\u00a0 <\/p>\n<p>\u00a0 <\/p>\n","protected":false},"excerpt":{"rendered":"<p>El Campeonato Nacional de B\u00e9isbol Juvenil ser\u00e1 dedicado este a\u00f1o <a href=\"https:\/\/sertv.gob.pa\/nacionalfm\/nacional-de-beisbol-juvenil-dedicado-a-monchi-webster\/\"> [&#8230;]<\/a><\/p>\n","protected":false},"author":1,"featured_media":9568,"comment_status":"closed","ping_status":"closed","sticky":false,"template":"","format":"standard","meta":{"footnotes":""},"categories":[4],"tags":[],"class_list":["post-9567","post","type-post","status-publish","format-standard","has-post-thumbnail","hentry","category-deportes"],"_links":{"self":[{"href":"https:\/\/sertv.gob.pa\/nacionalfm\/wp-json\/wp\/v2\/posts\/9567","targetHints":{"allow":["GET"]}}],"collection":[{"href":"https:\/\/sertv.gob.pa\/nacionalfm\/wp-json\/wp\/v2\/posts"}],"about":[{"href":"https:\/\/sertv.gob.pa\/nacionalfm\/wp-json\/wp\/v2\/types\/post"}],"author":[{"embeddable":true,"href":"https:\/\/sertv.gob.pa\/nacionalfm\/wp-json\/wp\/v2\/users\/1"}],"replies":[{"embeddable":true,"href":"https:\/\/sertv.gob.pa\/nacionalfm\/wp-json\/wp\/v2\/comments?post=9567"}],"version-history":[{"count":0,"href":"https:\/\/sertv.gob.pa\/nacionalfm\/wp-json\/wp\/v2\/posts\/9567\/revisions"}],"wp:featuredmedia":[{"embeddable":true,"href":"https:\/\/sertv.gob.pa\/nacionalfm\/wp-json\/wp\/v2\/media\/9568"}],"wp:attachment":[{"href":"https:\/\/sertv.gob.pa\/nacionalfm\/wp-json\/wp\/v2\/media?parent=9567"}],"wp:term":[{"taxonomy":"category","embeddable":true,"href":"https:\/\/sertv.gob.pa\/nacionalfm\/wp-json\/wp\/v2\/categories?post=9567"},{"taxonomy":"post_tag","embeddable":true,"href":"https:\/\/sertv.gob.pa\/nacionalfm\/wp-json\/wp\/v2\/tags?post=9567"}],"curies":[{"name":"wp","href":"https:\/\/api.w.org\/{rel}","templated":true}]}}