{"id":9573,"date":"2015-12-22T22:10:54","date_gmt":"2015-12-22T22:10:54","guid":{"rendered":""},"modified":"2015-12-22T22:10:54","modified_gmt":"2015-12-22T22:10:54","slug":"oliver-flores-a-japon-en-busca-de-titulo-mundial","status":"publish","type":"post","link":"https:\/\/sertv.gob.pa\/nacionalfm\/oliver-flores-a-japon-en-busca-de-titulo-mundial\/","title":{"rendered":"Oliver Flores a Jap\u00f3n en busca de t\u00edtulo mundial"},"content":{"rendered":"<p>\nEl nicarag\u00fcense radicado en Costa Rica Oliver Flores se enfrentar\u00e1 el pr\u00f3ximo 31 de diciembre al japon\u00e9s Takashi Uchiyama, en busca de la corona superpluma de la Asociaci\u00f3n Mundial de boxeo, en el gimnasio Ota-City de la capital de Tokio, Jap\u00f3n. <\/p>\n<p>\u00abUchiyama es un gran campe\u00f3n, pero pienso que he realizado una gran preparaci\u00f3n para enfrentarlo. Me he preparado mucho con el tema de la resistencia, la fortaleza f\u00edsica, porque como todo campe\u00f3n mundial japon\u00e9s poseen muy buenas condiciones f\u00edsicas\u00bb, indic\u00f3 Flores. <\/p>\n<p>\u00abTuve buenos guanteos, con peleadores como Ren\u00e9 Alvarado, David Bency, en Honduras con Josec Ruiz y con los muchachos que asisten al gimnasio en Le\u00f3n. La verdad es que ha sido un buen trabajo y me siento en tremendas condiciones, en buena forma, para pensar en la victoria. Este deporte es de mucho sacrificio, mucha disciplina y pienso que he cumplido con eso\u00bb, reiter\u00f3. <\/p>\n<p>Cabe destacar que la \u00faltima victoria de Oliver Flores fue ante el paname\u00f1o Julio &ldquo;Dinamita&rdquo; Cama\u00f1o a quien noque\u00f3 en el quinto asalto y anteriormente hab\u00eda vencido en choque de invictos a Gabriel &ldquo;El Piolo&rdquo; Dorado por K.O. en el mismo primer asalto. <\/p>\n","protected":false},"excerpt":{"rendered":"<p>El nicarag\u00fcense radicado en Costa Rica Oliver Flores se enfrentar\u00e1 <a href=\"https:\/\/sertv.gob.pa\/nacionalfm\/oliver-flores-a-japon-en-busca-de-titulo-mundial\/\"> [&#8230;]<\/a><\/p>\n","protected":false},"author":1,"featured_media":9574,"comment_status":"closed","ping_status":"closed","sticky":false,"template":"","format":"standard","meta":{"footnotes":""},"categories":[4],"tags":[],"class_list":["post-9573","post","type-post","status-publish","format-standard","has-post-thumbnail","hentry","category-deportes"],"_links":{"self":[{"href":"https:\/\/sertv.gob.pa\/nacionalfm\/wp-json\/wp\/v2\/posts\/9573","targetHints":{"allow":["GET"]}}],"collection":[{"href":"https:\/\/sertv.gob.pa\/nacionalfm\/wp-json\/wp\/v2\/posts"}],"about":[{"href":"https:\/\/sertv.gob.pa\/nacionalfm\/wp-json\/wp\/v2\/types\/post"}],"author":[{"embeddable":true,"href":"https:\/\/sertv.gob.pa\/nacionalfm\/wp-json\/wp\/v2\/users\/1"}],"replies":[{"embeddable":true,"href":"https:\/\/sertv.gob.pa\/nacionalfm\/wp-json\/wp\/v2\/comments?post=9573"}],"version-history":[{"count":0,"href":"https:\/\/sertv.gob.pa\/nacionalfm\/wp-json\/wp\/v2\/posts\/9573\/revisions"}],"wp:featuredmedia":[{"embeddable":true,"href":"https:\/\/sertv.gob.pa\/nacionalfm\/wp-json\/wp\/v2\/media\/9574"}],"wp:attachment":[{"href":"https:\/\/sertv.gob.pa\/nacionalfm\/wp-json\/wp\/v2\/media?parent=9573"}],"wp:term":[{"taxonomy":"category","embeddable":true,"href":"https:\/\/sertv.gob.pa\/nacionalfm\/wp-json\/wp\/v2\/categories?post=9573"},{"taxonomy":"post_tag","embeddable":true,"href":"https:\/\/sertv.gob.pa\/nacionalfm\/wp-json\/wp\/v2\/tags?post=9573"}],"curies":[{"name":"wp","href":"https:\/\/api.w.org\/{rel}","templated":true}]}}