{"id":9587,"date":"2015-12-23T16:14:12","date_gmt":"2015-12-23T16:14:12","guid":{"rendered":""},"modified":"2015-12-23T16:14:12","modified_gmt":"2015-12-23T16:14:12","slug":"una-de-las-enfermedades-mas-costosas-es-la-esquizofrenia","status":"publish","type":"post","link":"https:\/\/sertv.gob.pa\/nacionalfm\/una-de-las-enfermedades-mas-costosas-es-la-esquizofrenia\/","title":{"rendered":"Una de las enfermedades m\u00e1s costosas es la esquizofrenia"},"content":{"rendered":"<p>\nLa esquizofrenia es un desorden mental severo caracterizado por profundos trastornos en el pensamiento que afectan el lenguaje, la percepci\u00f3n y sentido de identidad en general, incluyendo episodios psic\u00f3ticos frecuentes como alucinaciones visuales o auditivas y delirios.\u00a0 <\/p>\n<p>La esquizofrenia es considerada una de las 10 enfermedades m\u00e1s incapacitantes y costosas seg\u00fan la Asociaci\u00f3n Americana de Psiquiatr\u00eda (American Psychiatric Association, o APA en ingl\u00e9s). <\/p>\n<p>Seg\u00fan cifras de la Organizaci\u00f3n Mundial de la Salud (OMS), cerca de 21 millones de personas en todo el mundo sufren esta enfermedad, la cual tiene el potencial de impedir una adaptaci\u00f3n funcional en ambientes familiares o laborales.\u00a0 <\/p>\n<p>Es un padecimiento cr\u00f3nico donde se presentan crisis de forma recurrente y donde las manifestaciones de p\u00e9rdida de funcionalidad se incrementan a trav\u00e9s del tiempo. <\/p>\n<p>La esquizofrenia no se puede atribuir a una causa espec\u00edfica sino a la combinaci\u00f3n de diversos factores como predisposici\u00f3n gen\u00e9tica, alteraciones en la neuroqu\u00edmica cerebral y factores ambientales (consumo de marihuana, traumas, maltrato, lesiones que impiden el desarrollo normal del cerebro provocadas antes o despu\u00e9s del nacimiento). \u00a0 <\/p>\n<p>\u00a0 <\/p>\n","protected":false},"excerpt":{"rendered":"<p>La esquizofrenia es un desorden mental severo caracterizado por profundos <a href=\"https:\/\/sertv.gob.pa\/nacionalfm\/una-de-las-enfermedades-mas-costosas-es-la-esquizofrenia\/\"> [&#8230;]<\/a><\/p>\n","protected":false},"author":1,"featured_media":9588,"comment_status":"closed","ping_status":"closed","sticky":false,"template":"","format":"standard","meta":{"footnotes":""},"categories":[5],"tags":[],"class_list":["post-9587","post","type-post","status-publish","format-standard","has-post-thumbnail","hentry","category-salud"],"_links":{"self":[{"href":"https:\/\/sertv.gob.pa\/nacionalfm\/wp-json\/wp\/v2\/posts\/9587","targetHints":{"allow":["GET"]}}],"collection":[{"href":"https:\/\/sertv.gob.pa\/nacionalfm\/wp-json\/wp\/v2\/posts"}],"about":[{"href":"https:\/\/sertv.gob.pa\/nacionalfm\/wp-json\/wp\/v2\/types\/post"}],"author":[{"embeddable":true,"href":"https:\/\/sertv.gob.pa\/nacionalfm\/wp-json\/wp\/v2\/users\/1"}],"replies":[{"embeddable":true,"href":"https:\/\/sertv.gob.pa\/nacionalfm\/wp-json\/wp\/v2\/comments?post=9587"}],"version-history":[{"count":0,"href":"https:\/\/sertv.gob.pa\/nacionalfm\/wp-json\/wp\/v2\/posts\/9587\/revisions"}],"wp:featuredmedia":[{"embeddable":true,"href":"https:\/\/sertv.gob.pa\/nacionalfm\/wp-json\/wp\/v2\/media\/9588"}],"wp:attachment":[{"href":"https:\/\/sertv.gob.pa\/nacionalfm\/wp-json\/wp\/v2\/media?parent=9587"}],"wp:term":[{"taxonomy":"category","embeddable":true,"href":"https:\/\/sertv.gob.pa\/nacionalfm\/wp-json\/wp\/v2\/categories?post=9587"},{"taxonomy":"post_tag","embeddable":true,"href":"https:\/\/sertv.gob.pa\/nacionalfm\/wp-json\/wp\/v2\/tags?post=9587"}],"curies":[{"name":"wp","href":"https:\/\/api.w.org\/{rel}","templated":true}]}}