{"id":9595,"date":"2015-12-23T18:04:15","date_gmt":"2015-12-23T18:04:15","guid":{"rendered":""},"modified":"2015-12-23T18:04:15","modified_gmt":"2015-12-23T18:04:15","slug":"el-turbo-cosio-pelea-en-eliminatoria-ante-pugil-argentino","status":"publish","type":"post","link":"https:\/\/sertv.gob.pa\/nacionalfm\/el-turbo-cosio-pelea-en-eliminatoria-ante-pugil-argentino\/","title":{"rendered":"\u201cEl Turbo\u201d  Cosio pelea en eliminatoria ante p\u00fagil argentino"},"content":{"rendered":"<p>\nEl paname\u00f1o Azael &ldquo;El Turbo&rdquo; Cosio se enfrenta el pr\u00f3ximo 30 de enero al argentino Miguel C\u00e9sar &ldquo;La Joya&rdquo; Barrionuevo en Ciudad de M\u00e9xico. El paname\u00f1o cuenta con un r\u00e9cord de 20 victorias, 3 derrotas y 2 empates 17 ganadas por K.O., mientras que el argentino cuenta con un palmar\u00e9s de 28 victorias 3 derrotas y 19 definidas por la v\u00eda r\u00e1pida. <\/p>\n<p>La pelea entre los dos noqueadores ser\u00e1 eliminatoria del torneo que el Consejo Mundial de Boxeo (CMB) prepar\u00f3 para contendientes de las 147 libras, quienes ir\u00e1n por el t\u00edtulo que dej\u00f3 vacante Floyd Mayweather, campe\u00f3n em\u00e9rito de la entidad. <\/p>\n<p>La velada, coorganizada por Sampson Boxing LCC y Promociones del Pueblo, ser\u00e1 televisada por Televisa (M\u00e9xico), TyC Sports (Argentina, gran parte de Latinoam\u00e9rica y Estados Unidos), VTV( Uruguay) y RPC Canal 4 (Panam\u00e1). <\/p>\n","protected":false},"excerpt":{"rendered":"<p>El paname\u00f1o Azael &ldquo;El Turbo&rdquo; Cosio se enfrenta el pr\u00f3ximo <a href=\"https:\/\/sertv.gob.pa\/nacionalfm\/el-turbo-cosio-pelea-en-eliminatoria-ante-pugil-argentino\/\"> [&#8230;]<\/a><\/p>\n","protected":false},"author":1,"featured_media":9596,"comment_status":"closed","ping_status":"closed","sticky":false,"template":"","format":"standard","meta":{"footnotes":""},"categories":[4],"tags":[],"class_list":["post-9595","post","type-post","status-publish","format-standard","has-post-thumbnail","hentry","category-deportes"],"_links":{"self":[{"href":"https:\/\/sertv.gob.pa\/nacionalfm\/wp-json\/wp\/v2\/posts\/9595","targetHints":{"allow":["GET"]}}],"collection":[{"href":"https:\/\/sertv.gob.pa\/nacionalfm\/wp-json\/wp\/v2\/posts"}],"about":[{"href":"https:\/\/sertv.gob.pa\/nacionalfm\/wp-json\/wp\/v2\/types\/post"}],"author":[{"embeddable":true,"href":"https:\/\/sertv.gob.pa\/nacionalfm\/wp-json\/wp\/v2\/users\/1"}],"replies":[{"embeddable":true,"href":"https:\/\/sertv.gob.pa\/nacionalfm\/wp-json\/wp\/v2\/comments?post=9595"}],"version-history":[{"count":0,"href":"https:\/\/sertv.gob.pa\/nacionalfm\/wp-json\/wp\/v2\/posts\/9595\/revisions"}],"wp:featuredmedia":[{"embeddable":true,"href":"https:\/\/sertv.gob.pa\/nacionalfm\/wp-json\/wp\/v2\/media\/9596"}],"wp:attachment":[{"href":"https:\/\/sertv.gob.pa\/nacionalfm\/wp-json\/wp\/v2\/media?parent=9595"}],"wp:term":[{"taxonomy":"category","embeddable":true,"href":"https:\/\/sertv.gob.pa\/nacionalfm\/wp-json\/wp\/v2\/categories?post=9595"},{"taxonomy":"post_tag","embeddable":true,"href":"https:\/\/sertv.gob.pa\/nacionalfm\/wp-json\/wp\/v2\/tags?post=9595"}],"curies":[{"name":"wp","href":"https:\/\/api.w.org\/{rel}","templated":true}]}}