{"id":9599,"date":"2015-12-23T22:24:06","date_gmt":"2015-12-23T22:24:06","guid":{"rendered":""},"modified":"2015-12-23T22:24:06","modified_gmt":"2015-12-23T22:24:06","slug":"caballos-de-cocle-al-descanso-de-7-5","status":"publish","type":"post","link":"https:\/\/sertv.gob.pa\/nacionalfm\/caballos-de-cocle-al-descanso-de-7-5\/","title":{"rendered":"Caballos de Cocl\u00e9 al descanso de 7-5"},"content":{"rendered":"<p>\nLos Caballos de Cocl\u00e9 se han ido al descanso de Navidad con marca de 7-5 y de tercer lugar en la tabla de posiciones en la actual temporada 2015-2016 de la Liga Profesional de B\u00e9isbol de Panam\u00e1 (PROBEIS). <\/p>\n<p>De esos primeros 12 partidos el director Omar Moreno tiene un balance de las fortalezas, debilidades y comentarios del nivel de la liga. Esto fue lo que dijo: <\/p>\n<p>\u00abEstoy un poco preocupado por un jardinero dominicano Luigi Rodr\u00edguez que se me va y el bullpen tampoco nos est\u00e1 funcionando como esper\u00e1bamos nosotros. Eso ya se lo he dicho a la gerencia que es mi preocupaci\u00f3n grande\u00bb. <\/p>\n<p>\u00abLos abridores han estado haciendo su trabajo y si logramos reforzar nuestro bullpen creo que tendremos muchas posibilidades de lograr el objetivo de clasificar entre los dos finalistas\u00bb <\/p>\n<p>\u00abA principio de a\u00f1o (2016) ya Christian Bethancourt estar\u00e1 catcheando algunos juegos\u00bb. <\/p>\n<p>\u00a0 <\/p>\n<p>\u00abEl nivel ir\u00e1 mejorando. Lastimosamente los fan\u00e1ticos no han estado asistiendo a los estadios, pero esperamos que ahora despu\u00e9s de las fiestas de fin de a\u00f1o la gente vaya a los juegos\u00bb. <\/p>\n<p>\u00a0 <\/p>\n<p>Los Caballos de Cocl\u00e9 jugar\u00e1n el 26 de diciembre desde las 6:00 p.m. contra los coleros Indios de Urrac\u00e1 (0-11)\u00a0en el Omar Torrijos de Santiago. <\/p>\n","protected":false},"excerpt":{"rendered":"<p>Los Caballos de Cocl\u00e9 se han ido al descanso de <a href=\"https:\/\/sertv.gob.pa\/nacionalfm\/caballos-de-cocle-al-descanso-de-7-5\/\"> [&#8230;]<\/a><\/p>\n","protected":false},"author":1,"featured_media":9600,"comment_status":"closed","ping_status":"closed","sticky":false,"template":"","format":"standard","meta":{"footnotes":""},"categories":[4],"tags":[],"class_list":["post-9599","post","type-post","status-publish","format-standard","has-post-thumbnail","hentry","category-deportes"],"_links":{"self":[{"href":"https:\/\/sertv.gob.pa\/nacionalfm\/wp-json\/wp\/v2\/posts\/9599","targetHints":{"allow":["GET"]}}],"collection":[{"href":"https:\/\/sertv.gob.pa\/nacionalfm\/wp-json\/wp\/v2\/posts"}],"about":[{"href":"https:\/\/sertv.gob.pa\/nacionalfm\/wp-json\/wp\/v2\/types\/post"}],"author":[{"embeddable":true,"href":"https:\/\/sertv.gob.pa\/nacionalfm\/wp-json\/wp\/v2\/users\/1"}],"replies":[{"embeddable":true,"href":"https:\/\/sertv.gob.pa\/nacionalfm\/wp-json\/wp\/v2\/comments?post=9599"}],"version-history":[{"count":0,"href":"https:\/\/sertv.gob.pa\/nacionalfm\/wp-json\/wp\/v2\/posts\/9599\/revisions"}],"wp:featuredmedia":[{"embeddable":true,"href":"https:\/\/sertv.gob.pa\/nacionalfm\/wp-json\/wp\/v2\/media\/9600"}],"wp:attachment":[{"href":"https:\/\/sertv.gob.pa\/nacionalfm\/wp-json\/wp\/v2\/media?parent=9599"}],"wp:term":[{"taxonomy":"category","embeddable":true,"href":"https:\/\/sertv.gob.pa\/nacionalfm\/wp-json\/wp\/v2\/categories?post=9599"},{"taxonomy":"post_tag","embeddable":true,"href":"https:\/\/sertv.gob.pa\/nacionalfm\/wp-json\/wp\/v2\/tags?post=9599"}],"curies":[{"name":"wp","href":"https:\/\/api.w.org\/{rel}","templated":true}]}}