{"id":9613,"date":"2015-12-24T15:11:45","date_gmt":"2015-12-24T15:11:45","guid":{"rendered":""},"modified":"2015-12-24T15:11:45","modified_gmt":"2015-12-24T15:11:45","slug":"para-vacuna-contra-la-malaria-estudian-anticuerpos","status":"publish","type":"post","link":"https:\/\/sertv.gob.pa\/nacionalfm\/para-vacuna-contra-la-malaria-estudian-anticuerpos\/","title":{"rendered":"Para vacuna contra la malaria estudian anticuerpos"},"content":{"rendered":"<p>\nHallar los anticuerpos que sean capaces de combatir la malaria podr\u00eda ser \u00fatil a la hora de dise\u00f1ar una vacuna contra esta enfermedad, seg\u00fan indica un estudio publicado ayer por la revista Nature. <\/p>\n<p>Un equipo de cient\u00edficos liderado por Antonio Lanzavecchia, de la Universit\u00e1 della Svizzera Italiana, en Suiza, identifica en la citada publicaci\u00f3n nuevos objetivos que podr\u00edan ser empleados para desarrollar una inmunizaci\u00f3n contra la malaria. <\/p>\n<p>Los expertos estudiaron el plasma de dos individuos de Kenia infectados por malaria e identificaron tipos espec\u00edficos de c\u00e9lulas blancas, conocidas como cl\u00f3nicas B, que producen anticuerpos que act\u00faan contra las que est\u00e1n infectadas. <\/p>\n<p>Mostraron que insertar fragmentos grandes de ADN dentro de la parte codificada de los anticuerpos de la prote\u00edna LAIR1 &mdash;que reacciona y se adhiere a ant\u00edgenos espec\u00edficos (RIFINs) en c\u00e9lulas rojas infectadas&mdash; hace que esas c\u00e9lulas sean susceptibles a la fagocitosis, el proceso mediante el cual las c\u00e9lulas rojas que est\u00e1n infectadas por el par\u00e1sito se destruyen. <\/p>\n<p>\u00a0 <\/p>\n","protected":false},"excerpt":{"rendered":"<p>Hallar los anticuerpos que sean capaces de combatir la malaria <a href=\"https:\/\/sertv.gob.pa\/nacionalfm\/para-vacuna-contra-la-malaria-estudian-anticuerpos\/\"> [&#8230;]<\/a><\/p>\n","protected":false},"author":1,"featured_media":9614,"comment_status":"closed","ping_status":"closed","sticky":false,"template":"","format":"standard","meta":{"footnotes":""},"categories":[5],"tags":[],"class_list":["post-9613","post","type-post","status-publish","format-standard","has-post-thumbnail","hentry","category-salud"],"_links":{"self":[{"href":"https:\/\/sertv.gob.pa\/nacionalfm\/wp-json\/wp\/v2\/posts\/9613","targetHints":{"allow":["GET"]}}],"collection":[{"href":"https:\/\/sertv.gob.pa\/nacionalfm\/wp-json\/wp\/v2\/posts"}],"about":[{"href":"https:\/\/sertv.gob.pa\/nacionalfm\/wp-json\/wp\/v2\/types\/post"}],"author":[{"embeddable":true,"href":"https:\/\/sertv.gob.pa\/nacionalfm\/wp-json\/wp\/v2\/users\/1"}],"replies":[{"embeddable":true,"href":"https:\/\/sertv.gob.pa\/nacionalfm\/wp-json\/wp\/v2\/comments?post=9613"}],"version-history":[{"count":0,"href":"https:\/\/sertv.gob.pa\/nacionalfm\/wp-json\/wp\/v2\/posts\/9613\/revisions"}],"wp:featuredmedia":[{"embeddable":true,"href":"https:\/\/sertv.gob.pa\/nacionalfm\/wp-json\/wp\/v2\/media\/9614"}],"wp:attachment":[{"href":"https:\/\/sertv.gob.pa\/nacionalfm\/wp-json\/wp\/v2\/media?parent=9613"}],"wp:term":[{"taxonomy":"category","embeddable":true,"href":"https:\/\/sertv.gob.pa\/nacionalfm\/wp-json\/wp\/v2\/categories?post=9613"},{"taxonomy":"post_tag","embeddable":true,"href":"https:\/\/sertv.gob.pa\/nacionalfm\/wp-json\/wp\/v2\/tags?post=9613"}],"curies":[{"name":"wp","href":"https:\/\/api.w.org\/{rel}","templated":true}]}}