{"id":9629,"date":"2015-12-28T15:28:21","date_gmt":"2015-12-28T15:28:21","guid":{"rendered":""},"modified":"2015-12-28T15:28:21","modified_gmt":"2015-12-28T15:28:21","slug":"el-nica-concepcion-anuncia-retiro-del-boxeo-profesional","status":"publish","type":"post","link":"https:\/\/sertv.gob.pa\/nacionalfm\/el-nica-concepcion-anuncia-retiro-del-boxeo-profesional\/","title":{"rendered":"\u201cEl Nica\u201d Concepci\u00f3n anuncia retiro del boxeo profesional"},"content":{"rendered":"<p>\nEl campe\u00f3n interino de la Asociaci\u00f3n Mundial de Boxeo de los pesos supermoscas anunci\u00f3 en forma sorpresiva el retiro del boxeo profesional a las puertas de grandes ofertas frente a David &ldquo;El Tornado&rdquo; S\u00e1nchez en revancha, Carlos Cuadra y el encuentro pendiente ante el campe\u00f3n en propiedad Kohei Kono. <\/p>\n<p>Concepci\u00f3n gan\u00f3 el t\u00edtulo en M\u00e9xico al vencer por K.O.T. en 10 asaltos al mexicano David &ldquo;El Tornado&rdquo; S\u00e1nchez y lo defendi\u00f3 recientemente ante el tambi\u00e9n mexicano Hern\u00e1n &ldquo;Tayson&rdquo; M\u00e1rquez por decisi\u00f3n un\u00e1nime de los jueces, pero como hoy es 28 de diciembre, no es m\u00e1s que un inocente mariposa. <\/p>\n","protected":false},"excerpt":{"rendered":"<p>El campe\u00f3n interino de la Asociaci\u00f3n Mundial de Boxeo de <a href=\"https:\/\/sertv.gob.pa\/nacionalfm\/el-nica-concepcion-anuncia-retiro-del-boxeo-profesional\/\"> [&#8230;]<\/a><\/p>\n","protected":false},"author":1,"featured_media":9630,"comment_status":"closed","ping_status":"closed","sticky":false,"template":"","format":"standard","meta":{"footnotes":""},"categories":[4],"tags":[],"class_list":["post-9629","post","type-post","status-publish","format-standard","has-post-thumbnail","hentry","category-deportes"],"_links":{"self":[{"href":"https:\/\/sertv.gob.pa\/nacionalfm\/wp-json\/wp\/v2\/posts\/9629","targetHints":{"allow":["GET"]}}],"collection":[{"href":"https:\/\/sertv.gob.pa\/nacionalfm\/wp-json\/wp\/v2\/posts"}],"about":[{"href":"https:\/\/sertv.gob.pa\/nacionalfm\/wp-json\/wp\/v2\/types\/post"}],"author":[{"embeddable":true,"href":"https:\/\/sertv.gob.pa\/nacionalfm\/wp-json\/wp\/v2\/users\/1"}],"replies":[{"embeddable":true,"href":"https:\/\/sertv.gob.pa\/nacionalfm\/wp-json\/wp\/v2\/comments?post=9629"}],"version-history":[{"count":0,"href":"https:\/\/sertv.gob.pa\/nacionalfm\/wp-json\/wp\/v2\/posts\/9629\/revisions"}],"wp:featuredmedia":[{"embeddable":true,"href":"https:\/\/sertv.gob.pa\/nacionalfm\/wp-json\/wp\/v2\/media\/9630"}],"wp:attachment":[{"href":"https:\/\/sertv.gob.pa\/nacionalfm\/wp-json\/wp\/v2\/media?parent=9629"}],"wp:term":[{"taxonomy":"category","embeddable":true,"href":"https:\/\/sertv.gob.pa\/nacionalfm\/wp-json\/wp\/v2\/categories?post=9629"},{"taxonomy":"post_tag","embeddable":true,"href":"https:\/\/sertv.gob.pa\/nacionalfm\/wp-json\/wp\/v2\/tags?post=9629"}],"curies":[{"name":"wp","href":"https:\/\/api.w.org\/{rel}","templated":true}]}}