{"id":9645,"date":"2015-12-28T18:30:39","date_gmt":"2015-12-28T18:30:39","guid":{"rendered":""},"modified":"2015-12-28T18:30:39","modified_gmt":"2015-12-28T18:30:39","slug":"nexo-entre-malformaciones-de-bebes-y-virus-del-zika","status":"publish","type":"post","link":"https:\/\/sertv.gob.pa\/nacionalfm\/nexo-entre-malformaciones-de-bebes-y-virus-del-zika\/","title":{"rendered":"Nexo entre malformaciones de beb\u00e9s y virus del zika"},"content":{"rendered":"<p>\nEn las primeras semanas de su embarazo, Ang\u00e9lica Pereira sufri\u00f3 molestias por una picadura de mosquito. Al principio parec\u00eda poca cosa. Pero al d\u00eda siguiente se despert\u00f3 con un sarpullido, dolor de cabeza, fiebre y escozor en los ojos. Los s\u00edntomas desaparecieron en cuatro d\u00edas, pero ella teme que el virus tuviera consecuencias a largo plazo. <\/p>\n<p>La hija de Pereira, Luiza, naci\u00f3 en octubre con una cabeza m\u00e1s de una pulgada (3 cent\u00edmetros) m\u00e1s peque\u00f1a de lo que los m\u00e9dicos consideran sano. Esta afecci\u00f3n poco habitual, conocida como microcefalia, produce a menudo un retraso mental. <\/p>\n<p>Poco despu\u00e9s, un neur\u00f3logo dio m\u00e1s malas noticias a Pereira y a su esposo: el da\u00f1o cerebral hab\u00eda ocasionado una par\u00e1lisis cerebral. <\/p>\n<p>Mi coraz\u00f3n se detuvo. Solo pod\u00eda pensar en todos los problemas y la discriminaci\u00f3n que sufrir\u00e1 mi beb\u00e9\u00bb, expres\u00f3 Pereira, una costurera de 20 a\u00f1os que vive en Santa Cruz do Capibaribe, una peque\u00f1a ciudad en el nordeste de Brasil donde se fabrican prendas de ropa. <\/p>\n<p> Este a\u00f1o han nacido en Brasil m\u00e1s de 2 mil 700 beb\u00e9s con microcefalia, un aumento respecto a los 150 de 2014.   <\/p>\n<p> Las autoridades sanitarias brasile\u00f1as manifiestan estar convencidas de que la variaci\u00f3n est\u00e1 relacionada con un brote repentino del virus del zika,  que padeci\u00f3 Pereira, aunque los expertos internacionales advierten que es demasiado pronto para estar seguros y el problema podr\u00eda tener otras causas. <\/p>\n<p>\u00a0 <\/p>\n<p>\u00a0 <\/p>\n","protected":false},"excerpt":{"rendered":"<p>En las primeras semanas de su embarazo, Ang\u00e9lica Pereira sufri\u00f3 <a href=\"https:\/\/sertv.gob.pa\/nacionalfm\/nexo-entre-malformaciones-de-bebes-y-virus-del-zika\/\"> [&#8230;]<\/a><\/p>\n","protected":false},"author":1,"featured_media":9646,"comment_status":"closed","ping_status":"closed","sticky":false,"template":"","format":"standard","meta":{"footnotes":""},"categories":[5],"tags":[],"class_list":["post-9645","post","type-post","status-publish","format-standard","has-post-thumbnail","hentry","category-salud"],"_links":{"self":[{"href":"https:\/\/sertv.gob.pa\/nacionalfm\/wp-json\/wp\/v2\/posts\/9645","targetHints":{"allow":["GET"]}}],"collection":[{"href":"https:\/\/sertv.gob.pa\/nacionalfm\/wp-json\/wp\/v2\/posts"}],"about":[{"href":"https:\/\/sertv.gob.pa\/nacionalfm\/wp-json\/wp\/v2\/types\/post"}],"author":[{"embeddable":true,"href":"https:\/\/sertv.gob.pa\/nacionalfm\/wp-json\/wp\/v2\/users\/1"}],"replies":[{"embeddable":true,"href":"https:\/\/sertv.gob.pa\/nacionalfm\/wp-json\/wp\/v2\/comments?post=9645"}],"version-history":[{"count":0,"href":"https:\/\/sertv.gob.pa\/nacionalfm\/wp-json\/wp\/v2\/posts\/9645\/revisions"}],"wp:featuredmedia":[{"embeddable":true,"href":"https:\/\/sertv.gob.pa\/nacionalfm\/wp-json\/wp\/v2\/media\/9646"}],"wp:attachment":[{"href":"https:\/\/sertv.gob.pa\/nacionalfm\/wp-json\/wp\/v2\/media?parent=9645"}],"wp:term":[{"taxonomy":"category","embeddable":true,"href":"https:\/\/sertv.gob.pa\/nacionalfm\/wp-json\/wp\/v2\/categories?post=9645"},{"taxonomy":"post_tag","embeddable":true,"href":"https:\/\/sertv.gob.pa\/nacionalfm\/wp-json\/wp\/v2\/tags?post=9645"}],"curies":[{"name":"wp","href":"https:\/\/api.w.org\/{rel}","templated":true}]}}