{"id":9647,"date":"2015-12-28T18:36:53","date_gmt":"2015-12-28T18:36:53","guid":{"rendered":""},"modified":"2015-12-28T18:36:53","modified_gmt":"2015-12-28T18:36:53","slug":"uso-de-primera-vacuna-contra-el-dengue-es-aprobado-en-brasil","status":"publish","type":"post","link":"https:\/\/sertv.gob.pa\/nacionalfm\/uso-de-primera-vacuna-contra-el-dengue-es-aprobado-en-brasil\/","title":{"rendered":"Uso de  primera vacuna contra el dengue es aprobado en Brasil"},"content":{"rendered":"<p>\nBrasil aprob\u00f3 el uso de la primera vacuna contra el dengue,  Dengvaxia , que ya hab\u00eda recibido autorizaci\u00f3n en  M\u00e9xico  y  Filipinas  durante este mes, inform\u00f3 la empresa farmac\u00e9utica francesa Sanofi Pasteur en un comunicado. <\/p>\n<p>La Agencia Nacional de Vigilancia Sanitaria brasile\u00f1a (Anvisa) anunci\u00f3 la autorizaci\u00f3n del uso de la que es la primera vacuna regulada para la prevenci\u00f3n de la enfermedad ocasionada por los 4\u00a0tipos de virus del dengue en individuos con edades de entre 9 a 45 a\u00f1os y que viven en \u00e1reas end\u00e9micas. <\/p>\n<p>La enfermedad afecta gravemente a Brasil, donde ha habido 1.4 millones de personas directamente infectadas este a\u00f1o. <\/p>\n<p>Casi un 70% de los casos se dan en individuos que tienen 9\u00a0o m\u00e1s a\u00f1os, &ldquo;un segmento de la poblaci\u00f3n altamente m\u00f3vil y socialmente activo, que contribuye a la difusi\u00f3n de la enfermedad dentro de las comunidades&rdquo;, destac\u00f3 el fabricante de la vacuna. <\/p>\n<p> Dengvaxia , producida por los laboratorios Sanofi Pasteur, con sede en Lyon (Francia), prob\u00f3 la reducci\u00f3n del dengue de los 4\u00a0serotipos en 2\u00a0tercios de los 40 mil participantes en sus estudios. Adem\u00e1s, previno 8\u00a0de cada 10\u00a0hospitalizaciones relacionadas con el virus y casi un 93% de los casos severos de esta enfermedad. <\/p>\n<p>Esta vacuna es el resultado de m\u00e1s de 2\u00a0d\u00e9cadas de innovaci\u00f3n y colaboraci\u00f3n cient\u00edfica y 25 estudios cl\u00ednicos efectuados en 15 pa\u00edses de todo el mundo. <\/p>\n<p>\u00a0 <\/p>\n<p>\u00a0 <\/p>\n","protected":false},"excerpt":{"rendered":"<p>Brasil aprob\u00f3 el uso de la primera vacuna contra el <a href=\"https:\/\/sertv.gob.pa\/nacionalfm\/uso-de-primera-vacuna-contra-el-dengue-es-aprobado-en-brasil\/\"> [&#8230;]<\/a><\/p>\n","protected":false},"author":1,"featured_media":9648,"comment_status":"closed","ping_status":"closed","sticky":false,"template":"","format":"standard","meta":{"footnotes":""},"categories":[5],"tags":[],"class_list":["post-9647","post","type-post","status-publish","format-standard","has-post-thumbnail","hentry","category-salud"],"_links":{"self":[{"href":"https:\/\/sertv.gob.pa\/nacionalfm\/wp-json\/wp\/v2\/posts\/9647","targetHints":{"allow":["GET"]}}],"collection":[{"href":"https:\/\/sertv.gob.pa\/nacionalfm\/wp-json\/wp\/v2\/posts"}],"about":[{"href":"https:\/\/sertv.gob.pa\/nacionalfm\/wp-json\/wp\/v2\/types\/post"}],"author":[{"embeddable":true,"href":"https:\/\/sertv.gob.pa\/nacionalfm\/wp-json\/wp\/v2\/users\/1"}],"replies":[{"embeddable":true,"href":"https:\/\/sertv.gob.pa\/nacionalfm\/wp-json\/wp\/v2\/comments?post=9647"}],"version-history":[{"count":0,"href":"https:\/\/sertv.gob.pa\/nacionalfm\/wp-json\/wp\/v2\/posts\/9647\/revisions"}],"wp:featuredmedia":[{"embeddable":true,"href":"https:\/\/sertv.gob.pa\/nacionalfm\/wp-json\/wp\/v2\/media\/9648"}],"wp:attachment":[{"href":"https:\/\/sertv.gob.pa\/nacionalfm\/wp-json\/wp\/v2\/media?parent=9647"}],"wp:term":[{"taxonomy":"category","embeddable":true,"href":"https:\/\/sertv.gob.pa\/nacionalfm\/wp-json\/wp\/v2\/categories?post=9647"},{"taxonomy":"post_tag","embeddable":true,"href":"https:\/\/sertv.gob.pa\/nacionalfm\/wp-json\/wp\/v2\/tags?post=9647"}],"curies":[{"name":"wp","href":"https:\/\/api.w.org\/{rel}","templated":true}]}}