{"id":967,"date":"2014-08-12T05:00:00","date_gmt":"2014-08-12T05:00:00","guid":{"rendered":""},"modified":"2014-08-12T05:00:00","modified_gmt":"2014-08-12T05:00:00","slug":"vacuna-del-ebola-podria-estar-lista-en-2015","status":"publish","type":"post","link":"https:\/\/sertv.gob.pa\/nacionalfm\/vacuna-del-ebola-podria-estar-lista-en-2015\/","title":{"rendered":"Vacuna del \u00e9bola podr\u00eda estar lista en 2015"},"content":{"rendered":"<p>\nLa Organizaci\u00f3n Mundial de la Salud (OMS) calcula que si se cumplen los plazos m\u00e1s optimistas una vacuna contra el virus del \u00c9bola podr\u00eda estar lista en 2015. <\/p>\n<p>El director de vacunas de la OMS, Jean Marie Okwo B\u00e9l\u00e9, manifest\u00f3 en entrevista con Radio Francia Internacional que \u00abse pueden aplicar procesos de urgencia\u00bb de cara a que \u00aba lo largo del a\u00f1o 2015 se disponga de una vacuna que se pueda usar\u00bb. <\/p>\n<p>Okwo indic\u00f3 a la farmac\u00e9utica brit\u00e1ncia GlasxoSmithKlein (GSK) como el laboratorio que tiene m\u00e1s avanzada la vacuna al apuntar que la ha probado \u00abcon resultados excelentes\u00bb en animales. <\/p>\n<p>En ese c\u00e1lculo coincidi\u00f3 en declaraciones a la BBC Anthony Fauci, director del Instituto Nacional de Alergias y Enfermedades Infecciosas de Estados Unidos (NAID, por sus siglas en ingl\u00e9s). <\/p>\n<p>El \u00faltimo brote de \u00e9bola en \u00c1frica Occidental se ha cobrado casi 900 vidas, seg\u00fan la OMS. @nacionalFm <\/p>\n<p>\u00a0 <\/p>\n","protected":false},"excerpt":{"rendered":"<p>La Organizaci\u00f3n Mundial de la Salud (OMS) calcula que si <a href=\"https:\/\/sertv.gob.pa\/nacionalfm\/vacuna-del-ebola-podria-estar-lista-en-2015\/\"> [&#8230;]<\/a><\/p>\n","protected":false},"author":1,"featured_media":968,"comment_status":"closed","ping_status":"closed","sticky":false,"template":"","format":"standard","meta":{"footnotes":""},"categories":[5],"tags":[],"class_list":["post-967","post","type-post","status-publish","format-standard","has-post-thumbnail","hentry","category-salud"],"_links":{"self":[{"href":"https:\/\/sertv.gob.pa\/nacionalfm\/wp-json\/wp\/v2\/posts\/967","targetHints":{"allow":["GET"]}}],"collection":[{"href":"https:\/\/sertv.gob.pa\/nacionalfm\/wp-json\/wp\/v2\/posts"}],"about":[{"href":"https:\/\/sertv.gob.pa\/nacionalfm\/wp-json\/wp\/v2\/types\/post"}],"author":[{"embeddable":true,"href":"https:\/\/sertv.gob.pa\/nacionalfm\/wp-json\/wp\/v2\/users\/1"}],"replies":[{"embeddable":true,"href":"https:\/\/sertv.gob.pa\/nacionalfm\/wp-json\/wp\/v2\/comments?post=967"}],"version-history":[{"count":0,"href":"https:\/\/sertv.gob.pa\/nacionalfm\/wp-json\/wp\/v2\/posts\/967\/revisions"}],"wp:featuredmedia":[{"embeddable":true,"href":"https:\/\/sertv.gob.pa\/nacionalfm\/wp-json\/wp\/v2\/media\/968"}],"wp:attachment":[{"href":"https:\/\/sertv.gob.pa\/nacionalfm\/wp-json\/wp\/v2\/media?parent=967"}],"wp:term":[{"taxonomy":"category","embeddable":true,"href":"https:\/\/sertv.gob.pa\/nacionalfm\/wp-json\/wp\/v2\/categories?post=967"},{"taxonomy":"post_tag","embeddable":true,"href":"https:\/\/sertv.gob.pa\/nacionalfm\/wp-json\/wp\/v2\/tags?post=967"}],"curies":[{"name":"wp","href":"https:\/\/api.w.org\/{rel}","templated":true}]}}