{"id":9671,"date":"2015-12-29T15:39:30","date_gmt":"2015-12-29T15:39:30","guid":{"rendered":""},"modified":"2015-12-29T15:39:30","modified_gmt":"2015-12-29T15:39:30","slug":"felix-verdejo-prospecto-del-ano-de-espn-deportes","status":"publish","type":"post","link":"https:\/\/sertv.gob.pa\/nacionalfm\/felix-verdejo-prospecto-del-ano-de-espn-deportes\/","title":{"rendered":"F\u00e9lix Verdejo prospecto del a\u00f1o de ESPN Deportes"},"content":{"rendered":"<p>\nLa p\u00e1gina Internet EspnDeportes seleccion\u00f3 al invicto p\u00fagil puertorrique\u00f1o F\u00e9lix &ldquo;Diamante&rdquo; Verdejo, como el prospecto del a\u00f1o, a quien los expertos aseguran ser\u00e1 una superestrella del boxeo en el futuro pr\u00f3ximo. <\/p>\n<p>Este a\u00f1o 2015 hilvan\u00f3 tres victoria y mejor\u00f3 su marca a 19 victorias con 14 K.O. <\/p>\n<p>El 25 de abril gan\u00f3 por K.O.T. en cinco asaltos a Marco Antonio L\u00f3pez en disputa del t\u00edtulo ligero Latino de la Organizaci\u00f3n Mundial de Boxeo y lo defendi\u00f3 ante Iv\u00e1n N\u00e1jera por decisi\u00f3n un\u00e1nime de los jueces y ante Jos\u00e9nilson Dos Santos por K.O.T. en 2 asaltos. <\/p>\n<p>F\u00e9lix &ldquo;Diamante&rdquo; Estrada se enfrent\u00f3 al paname\u00f1o Juan &ldquo;El Ol\u00edmpico&rdquo; Huertas en tres ocasiones en las filas aficionadas, incluyendo una en los Juegos Ol\u00edmpicos de Londres. El boricua gan\u00f3 los tres encuentros. <\/p>\n<p>\u00a0 <\/p>\n","protected":false},"excerpt":{"rendered":"<p>La p\u00e1gina Internet EspnDeportes seleccion\u00f3 al invicto p\u00fagil puertorrique\u00f1o F\u00e9lix <a href=\"https:\/\/sertv.gob.pa\/nacionalfm\/felix-verdejo-prospecto-del-ano-de-espn-deportes\/\"> [&#8230;]<\/a><\/p>\n","protected":false},"author":1,"featured_media":9672,"comment_status":"closed","ping_status":"closed","sticky":false,"template":"","format":"standard","meta":{"footnotes":""},"categories":[4],"tags":[],"class_list":["post-9671","post","type-post","status-publish","format-standard","has-post-thumbnail","hentry","category-deportes"],"_links":{"self":[{"href":"https:\/\/sertv.gob.pa\/nacionalfm\/wp-json\/wp\/v2\/posts\/9671","targetHints":{"allow":["GET"]}}],"collection":[{"href":"https:\/\/sertv.gob.pa\/nacionalfm\/wp-json\/wp\/v2\/posts"}],"about":[{"href":"https:\/\/sertv.gob.pa\/nacionalfm\/wp-json\/wp\/v2\/types\/post"}],"author":[{"embeddable":true,"href":"https:\/\/sertv.gob.pa\/nacionalfm\/wp-json\/wp\/v2\/users\/1"}],"replies":[{"embeddable":true,"href":"https:\/\/sertv.gob.pa\/nacionalfm\/wp-json\/wp\/v2\/comments?post=9671"}],"version-history":[{"count":0,"href":"https:\/\/sertv.gob.pa\/nacionalfm\/wp-json\/wp\/v2\/posts\/9671\/revisions"}],"wp:featuredmedia":[{"embeddable":true,"href":"https:\/\/sertv.gob.pa\/nacionalfm\/wp-json\/wp\/v2\/media\/9672"}],"wp:attachment":[{"href":"https:\/\/sertv.gob.pa\/nacionalfm\/wp-json\/wp\/v2\/media?parent=9671"}],"wp:term":[{"taxonomy":"category","embeddable":true,"href":"https:\/\/sertv.gob.pa\/nacionalfm\/wp-json\/wp\/v2\/categories?post=9671"},{"taxonomy":"post_tag","embeddable":true,"href":"https:\/\/sertv.gob.pa\/nacionalfm\/wp-json\/wp\/v2\/tags?post=9671"}],"curies":[{"name":"wp","href":"https:\/\/api.w.org\/{rel}","templated":true}]}}