{"id":9675,"date":"2015-12-29T15:51:45","date_gmt":"2015-12-29T15:51:45","guid":{"rendered":""},"modified":"2015-12-29T15:51:45","modified_gmt":"2015-12-29T15:51:45","slug":"movimientos-en-los-equipos-de-la-lpf-entre-ellos-ariel-bonilla","status":"publish","type":"post","link":"https:\/\/sertv.gob.pa\/nacionalfm\/movimientos-en-los-equipos-de-la-lpf-entre-ellos-ariel-bonilla\/","title":{"rendered":"Movimientos en los equipos de la LPF, entre ellos Ariel Bonilla"},"content":{"rendered":"<p>\nEl defensa colombiano Ariel Bonilla se uni\u00f3 al equipo paname\u00f1o Tauro FC, luego de jugar en el Plaza Amador, mientras que el delantero Jorman Aguilar renov\u00f3 contrato, anteriormente hab\u00edan firmado Alexis Corpas y Samuel Stewart. <\/p>\n<p>El \u00c1rabe Unido confirm\u00f3 las bajas de Armando Cooper que es libre y suena para ir al Vancouver Whitecaps de la MLS y Jean Carlos Cede\u00f1o. De Ren\u00e1n Addles se dice que si no firma nada en el exterior renovar\u00e1 con el conjunto colonense. <\/p>\n<p>Plaza Amador anunci\u00f3 la llegada del volante Alexander &#8216;Makelele&#8217; Gonz\u00e1lez y el delantero Alcibiades Rojas, mientras que se habla que tambi\u00e9n jugar\u00e1 con el conjunto placino el defensa Leonel Parris. <\/p>\n<p>El Atl\u00e9tico Chiriqu\u00ed anunci\u00f3 las bajas de\u00a0Richi DeGracias, Jos\u00e9 G\u00f3mez, el tico Erick Araya, Edgardo Panezo, Federico Marine, David Arrue, el colombiano Pablo Murillo, Joseph Vargas (regres\u00f3 al Sporting SM), Yitzhar Moreno, Gilberto Salas y Aydmar Appelwhite. <\/p>\n<p>Cristian Villarreal regresa al equipo y llega el portero Kevin Melgar, adem\u00e1s que llegar\u00e1n jugadores de David, Puerto Armuelles, Bocas del Toro y 4 colombianos. <\/p>\n<p>Mientras que el Alianza\u00a0firm\u00f3 al volante Julio S\u00e1nchez y confirm\u00f3 el regreso del portero colombiano Robyn Pertuz. <\/p>\n","protected":false},"excerpt":{"rendered":"<p>El defensa colombiano Ariel Bonilla se uni\u00f3 al equipo paname\u00f1o <a href=\"https:\/\/sertv.gob.pa\/nacionalfm\/movimientos-en-los-equipos-de-la-lpf-entre-ellos-ariel-bonilla\/\"> [&#8230;]<\/a><\/p>\n","protected":false},"author":1,"featured_media":9676,"comment_status":"closed","ping_status":"closed","sticky":false,"template":"","format":"standard","meta":{"footnotes":""},"categories":[4],"tags":[],"class_list":["post-9675","post","type-post","status-publish","format-standard","has-post-thumbnail","hentry","category-deportes"],"_links":{"self":[{"href":"https:\/\/sertv.gob.pa\/nacionalfm\/wp-json\/wp\/v2\/posts\/9675","targetHints":{"allow":["GET"]}}],"collection":[{"href":"https:\/\/sertv.gob.pa\/nacionalfm\/wp-json\/wp\/v2\/posts"}],"about":[{"href":"https:\/\/sertv.gob.pa\/nacionalfm\/wp-json\/wp\/v2\/types\/post"}],"author":[{"embeddable":true,"href":"https:\/\/sertv.gob.pa\/nacionalfm\/wp-json\/wp\/v2\/users\/1"}],"replies":[{"embeddable":true,"href":"https:\/\/sertv.gob.pa\/nacionalfm\/wp-json\/wp\/v2\/comments?post=9675"}],"version-history":[{"count":0,"href":"https:\/\/sertv.gob.pa\/nacionalfm\/wp-json\/wp\/v2\/posts\/9675\/revisions"}],"wp:featuredmedia":[{"embeddable":true,"href":"https:\/\/sertv.gob.pa\/nacionalfm\/wp-json\/wp\/v2\/media\/9676"}],"wp:attachment":[{"href":"https:\/\/sertv.gob.pa\/nacionalfm\/wp-json\/wp\/v2\/media?parent=9675"}],"wp:term":[{"taxonomy":"category","embeddable":true,"href":"https:\/\/sertv.gob.pa\/nacionalfm\/wp-json\/wp\/v2\/categories?post=9675"},{"taxonomy":"post_tag","embeddable":true,"href":"https:\/\/sertv.gob.pa\/nacionalfm\/wp-json\/wp\/v2\/tags?post=9675"}],"curies":[{"name":"wp","href":"https:\/\/api.w.org\/{rel}","templated":true}]}}