{"id":9685,"date":"2015-12-29T18:21:06","date_gmt":"2015-12-29T18:21:06","guid":{"rendered":""},"modified":"2015-12-29T18:21:06","modified_gmt":"2015-12-29T18:21:06","slug":"guinea-es-declarada-por-la-oms-libre-de-los-contagios-de-ebola","status":"publish","type":"post","link":"https:\/\/sertv.gob.pa\/nacionalfm\/guinea-es-declarada-por-la-oms-libre-de-los-contagios-de-ebola\/","title":{"rendered":"Guinea es declarada por la OMS  libre de los contagios de \u00e9bola"},"content":{"rendered":"<p>\n La Organizaci\u00f3n Mundial de la Salud (OMS) \u00a0ha declarado el fin del  \u00e9bola   \u00a0en Guinea , elogiando a sus ciudadanos y gobierno por la haza\u00f1a. <\/p>\n<p>El ente dependiente de Nacionales Unidas celebra un acto este martes, 29 de diciembre, para conmemorar el avance en el pa\u00eds del \u00c1frica occidental donde, en diciembre de 2013, empez\u00f3 el peor brote de \u00e9bola de la historia. <\/p>\n<p>Guinea entra ahora en un periodo de 90 d\u00edas de vigilancia reforzada. M\u00e1s de 2 mil 500 personas murieron en el pa\u00eds a consecuencia de la enfermedad. <\/p>\n<p>En todo el mundo, el \u00e9bola mat\u00f3 a m\u00e1s de 11 mil 300 personas, la mayor\u00eda en Liberia, Sierra Leona y Guinea. <\/p>\n<p> Matshidiso Moeti, director regional de la OMS para \u00c1frica,  expres\u00f3 que esta es la primera vez que se frena la cadena de contagios en los tres pa\u00edses foco de la infecci\u00f3n inicial. <\/p>\n<p>Sierra Leona fue declarada libre de \u00e9bola el pasado 7 de noviembre y Liberia ha pasado el tr\u00e1mite en dos ocasiones, pero comenz\u00f3 su tercer periodo de vigilancia. <\/p>\n<p>\u00a0 <\/p>\n","protected":false},"excerpt":{"rendered":"<p>La Organizaci\u00f3n Mundial de la Salud (OMS) \u00a0ha declarado el <a href=\"https:\/\/sertv.gob.pa\/nacionalfm\/guinea-es-declarada-por-la-oms-libre-de-los-contagios-de-ebola\/\"> [&#8230;]<\/a><\/p>\n","protected":false},"author":1,"featured_media":9686,"comment_status":"closed","ping_status":"closed","sticky":false,"template":"","format":"standard","meta":{"footnotes":""},"categories":[5],"tags":[],"class_list":["post-9685","post","type-post","status-publish","format-standard","has-post-thumbnail","hentry","category-salud"],"_links":{"self":[{"href":"https:\/\/sertv.gob.pa\/nacionalfm\/wp-json\/wp\/v2\/posts\/9685","targetHints":{"allow":["GET"]}}],"collection":[{"href":"https:\/\/sertv.gob.pa\/nacionalfm\/wp-json\/wp\/v2\/posts"}],"about":[{"href":"https:\/\/sertv.gob.pa\/nacionalfm\/wp-json\/wp\/v2\/types\/post"}],"author":[{"embeddable":true,"href":"https:\/\/sertv.gob.pa\/nacionalfm\/wp-json\/wp\/v2\/users\/1"}],"replies":[{"embeddable":true,"href":"https:\/\/sertv.gob.pa\/nacionalfm\/wp-json\/wp\/v2\/comments?post=9685"}],"version-history":[{"count":0,"href":"https:\/\/sertv.gob.pa\/nacionalfm\/wp-json\/wp\/v2\/posts\/9685\/revisions"}],"wp:featuredmedia":[{"embeddable":true,"href":"https:\/\/sertv.gob.pa\/nacionalfm\/wp-json\/wp\/v2\/media\/9686"}],"wp:attachment":[{"href":"https:\/\/sertv.gob.pa\/nacionalfm\/wp-json\/wp\/v2\/media?parent=9685"}],"wp:term":[{"taxonomy":"category","embeddable":true,"href":"https:\/\/sertv.gob.pa\/nacionalfm\/wp-json\/wp\/v2\/categories?post=9685"},{"taxonomy":"post_tag","embeddable":true,"href":"https:\/\/sertv.gob.pa\/nacionalfm\/wp-json\/wp\/v2\/tags?post=9685"}],"curies":[{"name":"wp","href":"https:\/\/api.w.org\/{rel}","templated":true}]}}