{"id":969,"date":"2014-08-12T05:00:00","date_gmt":"2014-08-12T05:00:00","guid":{"rendered":""},"modified":"2014-08-12T05:00:00","modified_gmt":"2014-08-12T05:00:00","slug":"no-hay-ingreso-de-africanos-por-tocumen-confirman-autoridades","status":"publish","type":"post","link":"https:\/\/sertv.gob.pa\/nacionalfm\/no-hay-ingreso-de-africanos-por-tocumen-confirman-autoridades\/","title":{"rendered":"No hay ingreso de africanos por Tocumen, confirman autoridades"},"content":{"rendered":"<p>\nFranklin Carrillo, gerente comercial del Aeropuerto Internacional de Tocumen, quien compareci\u00f3 \u00a0ante los medios de comunicaci\u00f3n, en una rueda informativa convocada por el Ministerio de Salud (Minsa), comunic\u00f3 que desde el jueves 7 de agosto Panam\u00e1 gir\u00f3 instrucci\u00f3n a las aerol\u00edneas que viajan al istmo para que informen con anterioridad la presencia de pasajeros provenientes de pa\u00edses africanos (donde hay alerta por el virus del \u00e9bola), pero hasta la fecha no se ha recibido ninguna notificaci\u00f3n. <\/p>\n<p>&ldquo;Sigue vigente para las aerol\u00edneas la disposici\u00f3n de que deben comunicarnos, de manera formal, las conexiones que han tenido sus pasajeros, especialmente si han sido en pa\u00edses de \u00c1frica, y si esas personas tienen como destino Panam\u00e1. Y la informaci\u00f3n debe ser suministrada 3 horas antes de que dicho avi\u00f3n aterrice en Panam\u00e1&rdquo;, detall\u00f3 Carrillo. <\/p>\n<p>Aunque no se ha reportado ning\u00fan ingreso, en los \u00faltimos 4 d\u00edas, de pasajeros que hayan hecho conexiones con pa\u00edses en alerta roja por el virus del \u00e9bola, Carrillo adelant\u00f3 que no se bajar\u00e1 la guardia. <\/p>\n<p>&ldquo;Como no tenemos vuelos directos con \u00c1frica, es poco probable que tengamos alg\u00fan caso de \u00e9bola ac\u00e1, pero tenemos que tomar todas las medidas de seguridad pertinentes&rdquo;, concluy\u00f3 Franklin Carrillo.\u00a0 @nacionalFm <\/p>\n<p>\u00a0 <\/p>\n","protected":false},"excerpt":{"rendered":"<p>Franklin Carrillo, gerente comercial del Aeropuerto Internacional de Tocumen, quien <a href=\"https:\/\/sertv.gob.pa\/nacionalfm\/no-hay-ingreso-de-africanos-por-tocumen-confirman-autoridades\/\"> [&#8230;]<\/a><\/p>\n","protected":false},"author":1,"featured_media":970,"comment_status":"closed","ping_status":"closed","sticky":false,"template":"","format":"standard","meta":{"footnotes":""},"categories":[5],"tags":[],"class_list":["post-969","post","type-post","status-publish","format-standard","has-post-thumbnail","hentry","category-salud"],"_links":{"self":[{"href":"https:\/\/sertv.gob.pa\/nacionalfm\/wp-json\/wp\/v2\/posts\/969","targetHints":{"allow":["GET"]}}],"collection":[{"href":"https:\/\/sertv.gob.pa\/nacionalfm\/wp-json\/wp\/v2\/posts"}],"about":[{"href":"https:\/\/sertv.gob.pa\/nacionalfm\/wp-json\/wp\/v2\/types\/post"}],"author":[{"embeddable":true,"href":"https:\/\/sertv.gob.pa\/nacionalfm\/wp-json\/wp\/v2\/users\/1"}],"replies":[{"embeddable":true,"href":"https:\/\/sertv.gob.pa\/nacionalfm\/wp-json\/wp\/v2\/comments?post=969"}],"version-history":[{"count":0,"href":"https:\/\/sertv.gob.pa\/nacionalfm\/wp-json\/wp\/v2\/posts\/969\/revisions"}],"wp:featuredmedia":[{"embeddable":true,"href":"https:\/\/sertv.gob.pa\/nacionalfm\/wp-json\/wp\/v2\/media\/970"}],"wp:attachment":[{"href":"https:\/\/sertv.gob.pa\/nacionalfm\/wp-json\/wp\/v2\/media?parent=969"}],"wp:term":[{"taxonomy":"category","embeddable":true,"href":"https:\/\/sertv.gob.pa\/nacionalfm\/wp-json\/wp\/v2\/categories?post=969"},{"taxonomy":"post_tag","embeddable":true,"href":"https:\/\/sertv.gob.pa\/nacionalfm\/wp-json\/wp\/v2\/tags?post=969"}],"curies":[{"name":"wp","href":"https:\/\/api.w.org\/{rel}","templated":true}]}}