{"id":9693,"date":"2015-12-29T20:12:06","date_gmt":"2015-12-29T20:12:06","guid":{"rendered":""},"modified":"2015-12-29T20:12:06","modified_gmt":"2015-12-29T20:12:06","slug":"seleccion-panamena-entrena-en-doble-jornada","status":"publish","type":"post","link":"https:\/\/sertv.gob.pa\/nacionalfm\/seleccion-panamena-entrena-en-doble-jornada\/","title":{"rendered":"Selecci\u00f3n paname\u00f1a entrena en doble jornada"},"content":{"rendered":"<p>\nLa Selecci\u00f3n de Panam\u00e1 inici\u00f3 los entrenamientos en doble jornada en el estadio Rommel Fern\u00e1ndez Guti\u00e9rrez, con miras al repechaje frente a Cuba el 8 de enero por el boleto a la Copa Am\u00e9rica Centenario. <\/p>\n<p>Bajo las \u00f3rdenes de los asistentes t\u00e9cnicos Nelson Gallego y Edgar Carvajal, as\u00ed como del preparador f\u00edsico Elkin S\u00e1nchez y Didier Mu\u00f1oz que entrena a los porteros, Panam\u00e1 cumple de esta forma sus entrenamientos con m\u00e1s de 30 jugadores de donde saldr\u00e1n los que viajar\u00e1n al Proyecto Gol en Costa Rica para seguir con la preparaci\u00f3n del 2 al 7 de enero. <\/p>\n<p>En los primeros entrenamientos en segunda jornada se present\u00f3 el defensa Rom\u00e1n Torres que hizo trabajo aparte en la recuperaci\u00f3n que lleva a cabo tras ser operado de una lesi\u00f3n multiligamentaria en la rodilla izquierda. <\/p>\n<p>De los jugadores llamados a entrenar y que son elegibles, Ismael D\u00edaz regres\u00f3 el domingo a Portugal, Adolfo Machado est\u00e1 en Panam\u00e1 con unos d\u00edas libres, Alberto Quintero, Roberto Nurse y Felipe Baloy est\u00e1n en M\u00e9xico entrenando con sus equipos. <\/p>\n<p>El 8 de enero se enfrentar\u00e1 Panam\u00e1 frente a Cuba y Hait\u00ed ante Trinidad y Tobago en una doble jornada en el Rommel Fern\u00e1ndez para definir los dos \u00faltimos clasificados a la Copa Centenario. <\/p>\n<p>\u00a0 <\/p>\n","protected":false},"excerpt":{"rendered":"<p>La Selecci\u00f3n de Panam\u00e1 inici\u00f3 los entrenamientos en doble jornada <a href=\"https:\/\/sertv.gob.pa\/nacionalfm\/seleccion-panamena-entrena-en-doble-jornada\/\"> [&#8230;]<\/a><\/p>\n","protected":false},"author":1,"featured_media":9694,"comment_status":"closed","ping_status":"closed","sticky":false,"template":"","format":"standard","meta":{"footnotes":""},"categories":[4],"tags":[],"class_list":["post-9693","post","type-post","status-publish","format-standard","has-post-thumbnail","hentry","category-deportes"],"_links":{"self":[{"href":"https:\/\/sertv.gob.pa\/nacionalfm\/wp-json\/wp\/v2\/posts\/9693","targetHints":{"allow":["GET"]}}],"collection":[{"href":"https:\/\/sertv.gob.pa\/nacionalfm\/wp-json\/wp\/v2\/posts"}],"about":[{"href":"https:\/\/sertv.gob.pa\/nacionalfm\/wp-json\/wp\/v2\/types\/post"}],"author":[{"embeddable":true,"href":"https:\/\/sertv.gob.pa\/nacionalfm\/wp-json\/wp\/v2\/users\/1"}],"replies":[{"embeddable":true,"href":"https:\/\/sertv.gob.pa\/nacionalfm\/wp-json\/wp\/v2\/comments?post=9693"}],"version-history":[{"count":0,"href":"https:\/\/sertv.gob.pa\/nacionalfm\/wp-json\/wp\/v2\/posts\/9693\/revisions"}],"wp:featuredmedia":[{"embeddable":true,"href":"https:\/\/sertv.gob.pa\/nacionalfm\/wp-json\/wp\/v2\/media\/9694"}],"wp:attachment":[{"href":"https:\/\/sertv.gob.pa\/nacionalfm\/wp-json\/wp\/v2\/media?parent=9693"}],"wp:term":[{"taxonomy":"category","embeddable":true,"href":"https:\/\/sertv.gob.pa\/nacionalfm\/wp-json\/wp\/v2\/categories?post=9693"},{"taxonomy":"post_tag","embeddable":true,"href":"https:\/\/sertv.gob.pa\/nacionalfm\/wp-json\/wp\/v2\/tags?post=9693"}],"curies":[{"name":"wp","href":"https:\/\/api.w.org\/{rel}","templated":true}]}}