{"id":96938,"date":"2024-07-04T14:18:39","date_gmt":"2024-07-04T19:18:39","guid":{"rendered":"https:\/\/sertv.gob.pa\/nacionalfm\/?p=96938"},"modified":"2024-07-04T14:18:39","modified_gmt":"2024-07-04T19:18:39","slug":"ya-son-mas-de-38-000-los-muertos-provocados-por-la-guerra-israeli-en-gaza","status":"publish","type":"post","link":"https:\/\/sertv.gob.pa\/nacionalfm\/ya-son-mas-de-38-000-los-muertos-provocados-por-la-guerra-israeli-en-gaza\/","title":{"rendered":"Ya son m\u00e1s de 38.000 los muertos provocados por la guerra israel\u00ed en Gaza"},"content":{"rendered":"<p><strong>Jerusal\u00e9n (EFE<em>).-<\/em><\/strong><em> La cifra de muertos en la guerra que Israel mantiene en la Franja de Gaza desde hace casi nueve meses super\u00f3 este jueves las 38.000, en su mayor\u00eda mujeres y ni\u00f1os, sumando los 58 gazat\u00edes fallecidos y 179 heridos en el \u00faltimo d\u00eda.<\/em><\/p>\n<p><em>El Ministerio de Sanidad, controlado por Ham\u00e1s, divulg\u00f3 hoy su recuento diario de nuevas v\u00edctimas en hospitales y morgues en el devastado enclave palestino; alcanzando la cifra de 38.011 muertos y 87.445 heridos desde el pasado 7 de octubre.<\/em><\/p>\n<p>&nbsp;<\/p>\n","protected":false},"excerpt":{"rendered":"<p>Jerusal\u00e9n (EFE).- La cifra de muertos en la guerra que <a href=\"https:\/\/sertv.gob.pa\/nacionalfm\/ya-son-mas-de-38-000-los-muertos-provocados-por-la-guerra-israeli-en-gaza\/\"> [&#8230;]<\/a><\/p>\n","protected":false},"author":9,"featured_media":96939,"comment_status":"closed","ping_status":"closed","sticky":false,"template":"","format":"standard","meta":{"footnotes":""},"categories":[3],"tags":[],"class_list":["post-96938","post","type-post","status-publish","format-standard","has-post-thumbnail","hentry","category-internacionales"],"_links":{"self":[{"href":"https:\/\/sertv.gob.pa\/nacionalfm\/wp-json\/wp\/v2\/posts\/96938","targetHints":{"allow":["GET"]}}],"collection":[{"href":"https:\/\/sertv.gob.pa\/nacionalfm\/wp-json\/wp\/v2\/posts"}],"about":[{"href":"https:\/\/sertv.gob.pa\/nacionalfm\/wp-json\/wp\/v2\/types\/post"}],"author":[{"embeddable":true,"href":"https:\/\/sertv.gob.pa\/nacionalfm\/wp-json\/wp\/v2\/users\/9"}],"replies":[{"embeddable":true,"href":"https:\/\/sertv.gob.pa\/nacionalfm\/wp-json\/wp\/v2\/comments?post=96938"}],"version-history":[{"count":1,"href":"https:\/\/sertv.gob.pa\/nacionalfm\/wp-json\/wp\/v2\/posts\/96938\/revisions"}],"predecessor-version":[{"id":96940,"href":"https:\/\/sertv.gob.pa\/nacionalfm\/wp-json\/wp\/v2\/posts\/96938\/revisions\/96940"}],"wp:featuredmedia":[{"embeddable":true,"href":"https:\/\/sertv.gob.pa\/nacionalfm\/wp-json\/wp\/v2\/media\/96939"}],"wp:attachment":[{"href":"https:\/\/sertv.gob.pa\/nacionalfm\/wp-json\/wp\/v2\/media?parent=96938"}],"wp:term":[{"taxonomy":"category","embeddable":true,"href":"https:\/\/sertv.gob.pa\/nacionalfm\/wp-json\/wp\/v2\/categories?post=96938"},{"taxonomy":"post_tag","embeddable":true,"href":"https:\/\/sertv.gob.pa\/nacionalfm\/wp-json\/wp\/v2\/tags?post=96938"}],"curies":[{"name":"wp","href":"https:\/\/api.w.org\/{rel}","templated":true}]}}