{"id":9695,"date":"2015-12-29T20:30:34","date_gmt":"2015-12-29T20:30:34","guid":{"rendered":""},"modified":"2015-12-29T20:30:34","modified_gmt":"2015-12-29T20:30:34","slug":"rolando-escobar-y-edwin-aguilar-regresan-al-anzoategui","status":"publish","type":"post","link":"https:\/\/sertv.gob.pa\/nacionalfm\/rolando-escobar-y-edwin-aguilar-regresan-al-anzoategui\/","title":{"rendered":"Rolando Escobar y Edwin Aguilar regresan al Anzo\u00e1tegui"},"content":{"rendered":"<p>\nLos jugadores paname\u00f1os Rolando Escobar y Edwin Aguilar regresar\u00e1n al deportivo Anzo\u00e1tegui del f\u00fatbol venezolano, para el Torneo Apertura 2016. <\/p>\n<p>El volante Rolando Escobar durante el 2015 fue compa\u00f1ero de equipo del delantero Blas P\u00e9rez en el Dallas FC. <\/p>\n<p>Mientras que el delantero Edwin Aguilar durante el presente a\u00f1o jug\u00f3 con el Tauro FC en la Liga Paname\u00f1a de F\u00fatbol. <\/p>\n<p>Ambos jugadores que en el pasado ya formaron parte el club venezolano llegan como parte de los refuerzos del Anzo\u00e1tegui para el 2016. <\/p>\n<p>La confirmaci\u00f3n de los dos refuerzos paname\u00f1o la realiz\u00f3 el propio club mediante su cuenta de twitter. <\/p>\n<p>\u00a0 <\/p>\n","protected":false},"excerpt":{"rendered":"<p>Los jugadores paname\u00f1os Rolando Escobar y Edwin Aguilar regresar\u00e1n al <a href=\"https:\/\/sertv.gob.pa\/nacionalfm\/rolando-escobar-y-edwin-aguilar-regresan-al-anzoategui\/\"> [&#8230;]<\/a><\/p>\n","protected":false},"author":1,"featured_media":9696,"comment_status":"closed","ping_status":"closed","sticky":false,"template":"","format":"standard","meta":{"footnotes":""},"categories":[4],"tags":[],"class_list":["post-9695","post","type-post","status-publish","format-standard","has-post-thumbnail","hentry","category-deportes"],"_links":{"self":[{"href":"https:\/\/sertv.gob.pa\/nacionalfm\/wp-json\/wp\/v2\/posts\/9695","targetHints":{"allow":["GET"]}}],"collection":[{"href":"https:\/\/sertv.gob.pa\/nacionalfm\/wp-json\/wp\/v2\/posts"}],"about":[{"href":"https:\/\/sertv.gob.pa\/nacionalfm\/wp-json\/wp\/v2\/types\/post"}],"author":[{"embeddable":true,"href":"https:\/\/sertv.gob.pa\/nacionalfm\/wp-json\/wp\/v2\/users\/1"}],"replies":[{"embeddable":true,"href":"https:\/\/sertv.gob.pa\/nacionalfm\/wp-json\/wp\/v2\/comments?post=9695"}],"version-history":[{"count":0,"href":"https:\/\/sertv.gob.pa\/nacionalfm\/wp-json\/wp\/v2\/posts\/9695\/revisions"}],"wp:featuredmedia":[{"embeddable":true,"href":"https:\/\/sertv.gob.pa\/nacionalfm\/wp-json\/wp\/v2\/media\/9696"}],"wp:attachment":[{"href":"https:\/\/sertv.gob.pa\/nacionalfm\/wp-json\/wp\/v2\/media?parent=9695"}],"wp:term":[{"taxonomy":"category","embeddable":true,"href":"https:\/\/sertv.gob.pa\/nacionalfm\/wp-json\/wp\/v2\/categories?post=9695"},{"taxonomy":"post_tag","embeddable":true,"href":"https:\/\/sertv.gob.pa\/nacionalfm\/wp-json\/wp\/v2\/tags?post=9695"}],"curies":[{"name":"wp","href":"https:\/\/api.w.org\/{rel}","templated":true}]}}