{"id":96967,"date":"2024-07-05T13:47:54","date_gmt":"2024-07-05T18:47:54","guid":{"rendered":"https:\/\/sertv.gob.pa\/nacionalfm\/?p=96967"},"modified":"2024-07-05T13:47:54","modified_gmt":"2024-07-05T18:47:54","slug":"beryl-provoca-danos-pero-sin-lesionados-ni-fallecidos-tras-tocar-tierra-en-mexico","status":"publish","type":"post","link":"https:\/\/sertv.gob.pa\/nacionalfm\/beryl-provoca-danos-pero-sin-lesionados-ni-fallecidos-tras-tocar-tierra-en-mexico\/","title":{"rendered":"Beryl provoca da\u00f1os, pero sin lesionados ni fallecidos, tras tocar tierra en M\u00e9xico"},"content":{"rendered":"<p><strong><em>Ciudad de M\u00e9xico (EFE).- <\/em><\/strong><em>El hurac\u00e1n Beryl toc\u00f3 tierra la madrugada de este viernes al norte del municipio de Tulum, Quintana Roo, en el Caribe mexicano, pero hasta el momento no se reportan lesionados ni fallecidos, inform\u00f3 la coordinadora de Protecci\u00f3n Civil, Laura Vel\u00e1zquez.<\/em><\/p>\n<p><em>\u201cNo tenemos reportes hasta el momento de lesionados o fallecidos, repito son datos preliminares, estamos en la fase de auxilio\u201d, dijo la funcionaria durante una llamada realizada en el marco de la conferencia de prensa matutina del presidente, Andr\u00e9s Manuel L\u00f3pez Obrador.<\/em><\/p>\n<p><em>Vel\u00e1zquez precis\u00f3 que el hurac\u00e1n impact\u00f3 en Quintana Roo a las 05:05 hora local (11:05 GMT) con vientos m\u00e1ximos sostenidos de 175 kil\u00f3metros por hora y rachas de 220 kil\u00f3metros por hora.<\/em><\/p>\n<p><em>Ahora Beryl, que toc\u00f3 tierra como hurac\u00e1n categor\u00eda 2, avanza en tierra como hurac\u00e1n categor\u00eda 1 sobre el estado mexicano de Yucat\u00e1n (sureste), seg\u00fan inform\u00f3 el Servicio Meteorol\u00f3gico Nacional (SMN) de M\u00e9xico.<\/em><\/p>\n","protected":false},"excerpt":{"rendered":"<p>Ciudad de M\u00e9xico (EFE).- El hurac\u00e1n Beryl toc\u00f3 tierra la <a href=\"https:\/\/sertv.gob.pa\/nacionalfm\/beryl-provoca-danos-pero-sin-lesionados-ni-fallecidos-tras-tocar-tierra-en-mexico\/\"> [&#8230;]<\/a><\/p>\n","protected":false},"author":9,"featured_media":96968,"comment_status":"closed","ping_status":"closed","sticky":false,"template":"","format":"standard","meta":{"footnotes":""},"categories":[3],"tags":[],"class_list":["post-96967","post","type-post","status-publish","format-standard","has-post-thumbnail","hentry","category-internacionales"],"_links":{"self":[{"href":"https:\/\/sertv.gob.pa\/nacionalfm\/wp-json\/wp\/v2\/posts\/96967","targetHints":{"allow":["GET"]}}],"collection":[{"href":"https:\/\/sertv.gob.pa\/nacionalfm\/wp-json\/wp\/v2\/posts"}],"about":[{"href":"https:\/\/sertv.gob.pa\/nacionalfm\/wp-json\/wp\/v2\/types\/post"}],"author":[{"embeddable":true,"href":"https:\/\/sertv.gob.pa\/nacionalfm\/wp-json\/wp\/v2\/users\/9"}],"replies":[{"embeddable":true,"href":"https:\/\/sertv.gob.pa\/nacionalfm\/wp-json\/wp\/v2\/comments?post=96967"}],"version-history":[{"count":1,"href":"https:\/\/sertv.gob.pa\/nacionalfm\/wp-json\/wp\/v2\/posts\/96967\/revisions"}],"predecessor-version":[{"id":96969,"href":"https:\/\/sertv.gob.pa\/nacionalfm\/wp-json\/wp\/v2\/posts\/96967\/revisions\/96969"}],"wp:featuredmedia":[{"embeddable":true,"href":"https:\/\/sertv.gob.pa\/nacionalfm\/wp-json\/wp\/v2\/media\/96968"}],"wp:attachment":[{"href":"https:\/\/sertv.gob.pa\/nacionalfm\/wp-json\/wp\/v2\/media?parent=96967"}],"wp:term":[{"taxonomy":"category","embeddable":true,"href":"https:\/\/sertv.gob.pa\/nacionalfm\/wp-json\/wp\/v2\/categories?post=96967"},{"taxonomy":"post_tag","embeddable":true,"href":"https:\/\/sertv.gob.pa\/nacionalfm\/wp-json\/wp\/v2\/tags?post=96967"}],"curies":[{"name":"wp","href":"https:\/\/api.w.org\/{rel}","templated":true}]}}