{"id":9697,"date":"2015-12-29T21:05:34","date_gmt":"2015-12-29T21:05:34","guid":{"rendered":""},"modified":"2015-12-29T21:05:34","modified_gmt":"2015-12-29T21:05:34","slug":"nicholas-walter-podria-recibir-oportunidad-titular-en-superplumas","status":"publish","type":"post","link":"https:\/\/sertv.gob.pa\/nacionalfm\/nicholas-walter-podria-recibir-oportunidad-titular-en-superplumas\/","title":{"rendered":"Nicholas Walter podr\u00eda recibir oportunidad titular en superplumas"},"content":{"rendered":"<p>\nDe defender exitosamente su t\u00edtulo de campe\u00f3n super pluma de la Asociaci\u00f3n Mundial de Boxeo ante el nicarag\u00fcense Oliver Flores, el campe\u00f3n japon\u00e9s Tdashi Uchiyama\u00a0 podr\u00eda defender por duod\u00e9cima vez su t\u00edtulo ante el jamaicano radicado en Panam\u00e1 Nicholas Walters. <\/p>\n<p>\u00a0El campe\u00f3n de peso Ligero Junior, Takashi Uchiyama, har\u00e1 la und\u00e9cima defensa de su t\u00edtulo este jueves 31 de diciembre. Una victoria impulsar\u00e1 un pleito contra Nicholas Walters en Estados Unidos, en 2016. <\/p>\n<p>Nicholas Walter viene de empatar en pol\u00e9mico fallo ante el norteamericano Jason Sosa, debido a que fan\u00e1ticos y prensa lo vieron ganar c\u00f3modamente, pero lo oficiales votaron uno en favor de Sosa y dos igualaron sus tarjetas. <\/p>\n<p>\u00a0 <\/p>\n","protected":false},"excerpt":{"rendered":"<p>De defender exitosamente su t\u00edtulo de campe\u00f3n super pluma de <a href=\"https:\/\/sertv.gob.pa\/nacionalfm\/nicholas-walter-podria-recibir-oportunidad-titular-en-superplumas\/\"> [&#8230;]<\/a><\/p>\n","protected":false},"author":1,"featured_media":9698,"comment_status":"closed","ping_status":"closed","sticky":false,"template":"","format":"standard","meta":{"footnotes":""},"categories":[4],"tags":[],"class_list":["post-9697","post","type-post","status-publish","format-standard","has-post-thumbnail","hentry","category-deportes"],"_links":{"self":[{"href":"https:\/\/sertv.gob.pa\/nacionalfm\/wp-json\/wp\/v2\/posts\/9697","targetHints":{"allow":["GET"]}}],"collection":[{"href":"https:\/\/sertv.gob.pa\/nacionalfm\/wp-json\/wp\/v2\/posts"}],"about":[{"href":"https:\/\/sertv.gob.pa\/nacionalfm\/wp-json\/wp\/v2\/types\/post"}],"author":[{"embeddable":true,"href":"https:\/\/sertv.gob.pa\/nacionalfm\/wp-json\/wp\/v2\/users\/1"}],"replies":[{"embeddable":true,"href":"https:\/\/sertv.gob.pa\/nacionalfm\/wp-json\/wp\/v2\/comments?post=9697"}],"version-history":[{"count":0,"href":"https:\/\/sertv.gob.pa\/nacionalfm\/wp-json\/wp\/v2\/posts\/9697\/revisions"}],"wp:featuredmedia":[{"embeddable":true,"href":"https:\/\/sertv.gob.pa\/nacionalfm\/wp-json\/wp\/v2\/media\/9698"}],"wp:attachment":[{"href":"https:\/\/sertv.gob.pa\/nacionalfm\/wp-json\/wp\/v2\/media?parent=9697"}],"wp:term":[{"taxonomy":"category","embeddable":true,"href":"https:\/\/sertv.gob.pa\/nacionalfm\/wp-json\/wp\/v2\/categories?post=9697"},{"taxonomy":"post_tag","embeddable":true,"href":"https:\/\/sertv.gob.pa\/nacionalfm\/wp-json\/wp\/v2\/tags?post=9697"}],"curies":[{"name":"wp","href":"https:\/\/api.w.org\/{rel}","templated":true}]}}