{"id":9699,"date":"2015-12-29T21:43:31","date_gmt":"2015-12-29T21:43:31","guid":{"rendered":""},"modified":"2015-12-29T21:43:31","modified_gmt":"2015-12-29T21:43:31","slug":"pistolero-garces-podria-regresar-al-san-francisco","status":"publish","type":"post","link":"https:\/\/sertv.gob.pa\/nacionalfm\/pistolero-garces-podria-regresar-al-san-francisco\/","title":{"rendered":"\u201cPistolero\u201d Garc\u00e9s podr\u00eda regresar al San Francisco"},"content":{"rendered":"<p>\nEl delantero Jos\u00e9 Luis &ldquo;El Pistolero&rdquo; Garc\u00e9s podr\u00eda regresar pr\u00f3ximamente al San Francisco FC, procedente del Plaza Amador, seg\u00fan se rumora por los corrillos futbol\u00edsticos. <\/p>\n<p>Mientras tanto el San Francisco FC ya inici\u00f3 la pretemporada el pasado 21 de diciembre y el 4 de enero dar\u00e1n la lista oficial para el pr\u00f3ximo torneo de la LPF. <\/p>\n","protected":false},"excerpt":{"rendered":"<p>El delantero Jos\u00e9 Luis &ldquo;El Pistolero&rdquo; Garc\u00e9s podr\u00eda regresar pr\u00f3ximamente <a href=\"https:\/\/sertv.gob.pa\/nacionalfm\/pistolero-garces-podria-regresar-al-san-francisco\/\"> [&#8230;]<\/a><\/p>\n","protected":false},"author":1,"featured_media":9700,"comment_status":"closed","ping_status":"closed","sticky":false,"template":"","format":"standard","meta":{"footnotes":""},"categories":[4],"tags":[],"class_list":["post-9699","post","type-post","status-publish","format-standard","has-post-thumbnail","hentry","category-deportes"],"_links":{"self":[{"href":"https:\/\/sertv.gob.pa\/nacionalfm\/wp-json\/wp\/v2\/posts\/9699","targetHints":{"allow":["GET"]}}],"collection":[{"href":"https:\/\/sertv.gob.pa\/nacionalfm\/wp-json\/wp\/v2\/posts"}],"about":[{"href":"https:\/\/sertv.gob.pa\/nacionalfm\/wp-json\/wp\/v2\/types\/post"}],"author":[{"embeddable":true,"href":"https:\/\/sertv.gob.pa\/nacionalfm\/wp-json\/wp\/v2\/users\/1"}],"replies":[{"embeddable":true,"href":"https:\/\/sertv.gob.pa\/nacionalfm\/wp-json\/wp\/v2\/comments?post=9699"}],"version-history":[{"count":0,"href":"https:\/\/sertv.gob.pa\/nacionalfm\/wp-json\/wp\/v2\/posts\/9699\/revisions"}],"wp:featuredmedia":[{"embeddable":true,"href":"https:\/\/sertv.gob.pa\/nacionalfm\/wp-json\/wp\/v2\/media\/9700"}],"wp:attachment":[{"href":"https:\/\/sertv.gob.pa\/nacionalfm\/wp-json\/wp\/v2\/media?parent=9699"}],"wp:term":[{"taxonomy":"category","embeddable":true,"href":"https:\/\/sertv.gob.pa\/nacionalfm\/wp-json\/wp\/v2\/categories?post=9699"},{"taxonomy":"post_tag","embeddable":true,"href":"https:\/\/sertv.gob.pa\/nacionalfm\/wp-json\/wp\/v2\/tags?post=9699"}],"curies":[{"name":"wp","href":"https:\/\/api.w.org\/{rel}","templated":true}]}}