{"id":97149,"date":"2024-07-24T12:40:10","date_gmt":"2024-07-24T17:40:10","guid":{"rendered":"https:\/\/sertv.gob.pa\/nacionalfm\/?p=97149"},"modified":"2024-07-24T12:41:32","modified_gmt":"2024-07-24T17:41:32","slug":"97149-2","status":"publish","type":"post","link":"https:\/\/sertv.gob.pa\/nacionalfm\/97149-2\/","title":{"rendered":"Biden dice que es \u201cfant\u00e1stico\u201d volver a la Casa Blanca tras haber estado aislado con covid"},"content":{"rendered":"<p><strong><em>Washington (EFE).- <\/em><\/strong><em>El presidente estadounidense, Joe Biden, dijo que es \u201cfant\u00e1stico\u201d estar de regreso en la Casa Blanca, en su primera aparici\u00f3n en p\u00fablico despu\u00e9s de que decidiera el domingo pasado abandonar la carrera a la Presidencia y tras estar aislado en su casa de playa en Delaware por covid-19.<\/em><\/p>\n<p><em>\u201cEs fant\u00e1stico estar de regreso en la Casa Blanca\u201d, public\u00f3 el presidente en X, junto con una foto suya dirigi\u00e9ndose a la entrada sur del edificio.<\/em><\/p>\n<p><em>En otra publicaci\u00f3n indic\u00f3 que ser mandatario de EE.UU. sigue siendo \u201cel mayor honor\u201d de su vida y que hoy se reuni\u00f3 con su equipo en el Despacho Oval.<\/em><\/p>\n<p><em>\u00a0<\/em><\/p>\n","protected":false},"excerpt":{"rendered":"<p>Washington (EFE).- El presidente estadounidense, Joe Biden, dijo que es <a href=\"https:\/\/sertv.gob.pa\/nacionalfm\/97149-2\/\"> [&#8230;]<\/a><\/p>\n","protected":false},"author":9,"featured_media":97150,"comment_status":"closed","ping_status":"closed","sticky":false,"template":"","format":"standard","meta":{"footnotes":""},"categories":[3],"tags":[],"class_list":["post-97149","post","type-post","status-publish","format-standard","has-post-thumbnail","hentry","category-internacionales"],"_links":{"self":[{"href":"https:\/\/sertv.gob.pa\/nacionalfm\/wp-json\/wp\/v2\/posts\/97149","targetHints":{"allow":["GET"]}}],"collection":[{"href":"https:\/\/sertv.gob.pa\/nacionalfm\/wp-json\/wp\/v2\/posts"}],"about":[{"href":"https:\/\/sertv.gob.pa\/nacionalfm\/wp-json\/wp\/v2\/types\/post"}],"author":[{"embeddable":true,"href":"https:\/\/sertv.gob.pa\/nacionalfm\/wp-json\/wp\/v2\/users\/9"}],"replies":[{"embeddable":true,"href":"https:\/\/sertv.gob.pa\/nacionalfm\/wp-json\/wp\/v2\/comments?post=97149"}],"version-history":[{"count":2,"href":"https:\/\/sertv.gob.pa\/nacionalfm\/wp-json\/wp\/v2\/posts\/97149\/revisions"}],"predecessor-version":[{"id":97152,"href":"https:\/\/sertv.gob.pa\/nacionalfm\/wp-json\/wp\/v2\/posts\/97149\/revisions\/97152"}],"wp:featuredmedia":[{"embeddable":true,"href":"https:\/\/sertv.gob.pa\/nacionalfm\/wp-json\/wp\/v2\/media\/97150"}],"wp:attachment":[{"href":"https:\/\/sertv.gob.pa\/nacionalfm\/wp-json\/wp\/v2\/media?parent=97149"}],"wp:term":[{"taxonomy":"category","embeddable":true,"href":"https:\/\/sertv.gob.pa\/nacionalfm\/wp-json\/wp\/v2\/categories?post=97149"},{"taxonomy":"post_tag","embeddable":true,"href":"https:\/\/sertv.gob.pa\/nacionalfm\/wp-json\/wp\/v2\/tags?post=97149"}],"curies":[{"name":"wp","href":"https:\/\/api.w.org\/{rel}","templated":true}]}}