{"id":9717,"date":"2015-12-30T16:17:52","date_gmt":"2015-12-30T16:17:52","guid":{"rendered":""},"modified":"2015-12-30T16:17:52","modified_gmt":"2015-12-30T16:17:52","slug":"turbo-cosio-afina-detalles-para-encuentro-con-cesar-barrionuevo","status":"publish","type":"post","link":"https:\/\/sertv.gob.pa\/nacionalfm\/turbo-cosio-afina-detalles-para-encuentro-con-cesar-barrionuevo\/","title":{"rendered":"\u201cTurbo\u201d Cosio afina detalles para encuentro con C\u00e9sar Barrionuevo"},"content":{"rendered":"<p>\nEl p\u00fagil paname\u00f1o Azael &ldquo;El Turbo&rdquo; Cosio est\u00e1 pendiente de todos los detalles para su pr\u00f3ximo encuentro ante el argentino C\u00e9sar Miguel Barionuevo. <\/p>\n<p>&ldquo;El Turbo&rdquo; Cosio se mide el pr\u00f3ximo 30 de enero en la ciudad de M\u00e9xico al mencionado p\u00fagil argentino en combate eliminatorio del torneo welter que organiza el Consejo Mundial de Boxeo, del cual saldr\u00e1 el nuevo campe\u00f3n mundial que reemplazar\u00e1 al estadounidense Floyd Mayewather Jr. <\/p>\n<p>Preparaci\u00f3n 47 asaltos de guanteo ha realizado hasta ayer Azael \u00abTurbo\u00bb Cosio. <\/p>\n<p>161 libras est\u00e1 pesando el p\u00fagil paname\u00f1o faltando aproximadamente un mes para el encuentro. <\/p>\n<p>\u00a0 <\/p>\n","protected":false},"excerpt":{"rendered":"<p>El p\u00fagil paname\u00f1o Azael &ldquo;El Turbo&rdquo; Cosio est\u00e1 pendiente de <a href=\"https:\/\/sertv.gob.pa\/nacionalfm\/turbo-cosio-afina-detalles-para-encuentro-con-cesar-barrionuevo\/\"> [&#8230;]<\/a><\/p>\n","protected":false},"author":1,"featured_media":9718,"comment_status":"closed","ping_status":"closed","sticky":false,"template":"","format":"standard","meta":{"footnotes":""},"categories":[4],"tags":[],"class_list":["post-9717","post","type-post","status-publish","format-standard","has-post-thumbnail","hentry","category-deportes"],"_links":{"self":[{"href":"https:\/\/sertv.gob.pa\/nacionalfm\/wp-json\/wp\/v2\/posts\/9717","targetHints":{"allow":["GET"]}}],"collection":[{"href":"https:\/\/sertv.gob.pa\/nacionalfm\/wp-json\/wp\/v2\/posts"}],"about":[{"href":"https:\/\/sertv.gob.pa\/nacionalfm\/wp-json\/wp\/v2\/types\/post"}],"author":[{"embeddable":true,"href":"https:\/\/sertv.gob.pa\/nacionalfm\/wp-json\/wp\/v2\/users\/1"}],"replies":[{"embeddable":true,"href":"https:\/\/sertv.gob.pa\/nacionalfm\/wp-json\/wp\/v2\/comments?post=9717"}],"version-history":[{"count":0,"href":"https:\/\/sertv.gob.pa\/nacionalfm\/wp-json\/wp\/v2\/posts\/9717\/revisions"}],"wp:featuredmedia":[{"embeddable":true,"href":"https:\/\/sertv.gob.pa\/nacionalfm\/wp-json\/wp\/v2\/media\/9718"}],"wp:attachment":[{"href":"https:\/\/sertv.gob.pa\/nacionalfm\/wp-json\/wp\/v2\/media?parent=9717"}],"wp:term":[{"taxonomy":"category","embeddable":true,"href":"https:\/\/sertv.gob.pa\/nacionalfm\/wp-json\/wp\/v2\/categories?post=9717"},{"taxonomy":"post_tag","embeddable":true,"href":"https:\/\/sertv.gob.pa\/nacionalfm\/wp-json\/wp\/v2\/tags?post=9717"}],"curies":[{"name":"wp","href":"https:\/\/api.w.org\/{rel}","templated":true}]}}