{"id":9721,"date":"2015-12-30T16:27:56","date_gmt":"2015-12-30T16:27:56","guid":{"rendered":""},"modified":"2015-12-30T16:27:56","modified_gmt":"2015-12-30T16:27:56","slug":"dictan-seminario-de-taekwondo-en-chiriqui","status":"publish","type":"post","link":"https:\/\/sertv.gob.pa\/nacionalfm\/dictan-seminario-de-taekwondo-en-chiriqui\/","title":{"rendered":"Dictan seminario de Taekwondo en Chiriqu\u00ed"},"content":{"rendered":"<p>\nEl Instituto Paname\u00f1o de Deportes anunci\u00f3 que desde el 8 al 10 de enero se dictar\u00e1n seminarios de capacitaci\u00f3n para taekwondistas de 12 a 17 a\u00f1os y que tengan cinturones amarillo o negro, masculinos femeninos en Chiriqu\u00ed. <\/p>\n<p>La actividad est\u00e1 organizada por la Federaci\u00f3n Paname\u00f1a de Taekwondo que busca talentos deportivos y comenzar el a\u00f1o con alguna actividad. <\/p>\n<p>El instructor ser\u00e1 el Profesor Yidemaro Pe\u00f1a t\u00e9cnico de la selecci\u00f3n juvenil y mayor de Panam\u00e1. <\/p>\n<p>\u00a0 <\/p>\n","protected":false},"excerpt":{"rendered":"<p>El Instituto Paname\u00f1o de Deportes anunci\u00f3 que desde el 8 <a href=\"https:\/\/sertv.gob.pa\/nacionalfm\/dictan-seminario-de-taekwondo-en-chiriqui\/\"> [&#8230;]<\/a><\/p>\n","protected":false},"author":1,"featured_media":9722,"comment_status":"closed","ping_status":"closed","sticky":false,"template":"","format":"standard","meta":{"footnotes":""},"categories":[4],"tags":[],"class_list":["post-9721","post","type-post","status-publish","format-standard","has-post-thumbnail","hentry","category-deportes"],"_links":{"self":[{"href":"https:\/\/sertv.gob.pa\/nacionalfm\/wp-json\/wp\/v2\/posts\/9721","targetHints":{"allow":["GET"]}}],"collection":[{"href":"https:\/\/sertv.gob.pa\/nacionalfm\/wp-json\/wp\/v2\/posts"}],"about":[{"href":"https:\/\/sertv.gob.pa\/nacionalfm\/wp-json\/wp\/v2\/types\/post"}],"author":[{"embeddable":true,"href":"https:\/\/sertv.gob.pa\/nacionalfm\/wp-json\/wp\/v2\/users\/1"}],"replies":[{"embeddable":true,"href":"https:\/\/sertv.gob.pa\/nacionalfm\/wp-json\/wp\/v2\/comments?post=9721"}],"version-history":[{"count":0,"href":"https:\/\/sertv.gob.pa\/nacionalfm\/wp-json\/wp\/v2\/posts\/9721\/revisions"}],"wp:featuredmedia":[{"embeddable":true,"href":"https:\/\/sertv.gob.pa\/nacionalfm\/wp-json\/wp\/v2\/media\/9722"}],"wp:attachment":[{"href":"https:\/\/sertv.gob.pa\/nacionalfm\/wp-json\/wp\/v2\/media?parent=9721"}],"wp:term":[{"taxonomy":"category","embeddable":true,"href":"https:\/\/sertv.gob.pa\/nacionalfm\/wp-json\/wp\/v2\/categories?post=9721"},{"taxonomy":"post_tag","embeddable":true,"href":"https:\/\/sertv.gob.pa\/nacionalfm\/wp-json\/wp\/v2\/tags?post=9721"}],"curies":[{"name":"wp","href":"https:\/\/api.w.org\/{rel}","templated":true}]}}