{"id":9723,"date":"2015-12-30T16:37:23","date_gmt":"2015-12-30T16:37:23","guid":{"rendered":""},"modified":"2015-12-30T16:37:23","modified_gmt":"2015-12-30T16:37:23","slug":"la-bomba-mosquera-estelariza-k-o-a-las-drogas-en-el-salvador","status":"publish","type":"post","link":"https:\/\/sertv.gob.pa\/nacionalfm\/la-bomba-mosquera-estelariza-k-o-a-las-drogas-en-el-salvador\/","title":{"rendered":"\u201cLa Bomba\u201d Mosquera estelariza K.O. a las Drogas en el Salvador"},"content":{"rendered":"<p>\nLa paname\u00f1a Sayda &ldquo;La Bomba&rdquo; Mosquera tendr\u00e1 la tercera oportunidad de t\u00edtulo mundial cuando dispute la corona mundial gallo de la Asociaci\u00f3n Mundial de Boxeo a la colombiana Dayana &ldquo;El Diamante&rdquo; Cordero, con quien empat\u00f3 con anterioridad en un combate en el cual se disput\u00f3 el t\u00edtulo vacante en ese tiempo, el Internacional de la Organizaci\u00f3n Mundial de boxeo. <\/p>\n<p>El combate se escenificar\u00e1 como estelar del Festival K.O. a las Drogas de la AMB, el 15 de enero en El Salvador. <\/p>\n<p>La informaci\u00f3n fue confirmada por el promotor Sergio Chams (Cuadril\u00e1tero) y la empresa \u00abCadejo Brewing Company\u00bb de El Salvador, mediante nota publicada en Notifight.com. <\/p>\n<p>En la funci\u00f3n tambi\u00e9n combatir\u00e1 el chiricano Aristides &ldquo;El Fusil&rdquo; Quintero ante el nicarag\u00fcense Roberto Arriaza a 9 asaltos. <\/p>\n<p>\u00a0 <\/p>\n","protected":false},"excerpt":{"rendered":"<p>La paname\u00f1a Sayda &ldquo;La Bomba&rdquo; Mosquera tendr\u00e1 la tercera oportunidad <a href=\"https:\/\/sertv.gob.pa\/nacionalfm\/la-bomba-mosquera-estelariza-k-o-a-las-drogas-en-el-salvador\/\"> [&#8230;]<\/a><\/p>\n","protected":false},"author":1,"featured_media":9724,"comment_status":"closed","ping_status":"closed","sticky":false,"template":"","format":"standard","meta":{"footnotes":""},"categories":[4],"tags":[],"class_list":["post-9723","post","type-post","status-publish","format-standard","has-post-thumbnail","hentry","category-deportes"],"_links":{"self":[{"href":"https:\/\/sertv.gob.pa\/nacionalfm\/wp-json\/wp\/v2\/posts\/9723","targetHints":{"allow":["GET"]}}],"collection":[{"href":"https:\/\/sertv.gob.pa\/nacionalfm\/wp-json\/wp\/v2\/posts"}],"about":[{"href":"https:\/\/sertv.gob.pa\/nacionalfm\/wp-json\/wp\/v2\/types\/post"}],"author":[{"embeddable":true,"href":"https:\/\/sertv.gob.pa\/nacionalfm\/wp-json\/wp\/v2\/users\/1"}],"replies":[{"embeddable":true,"href":"https:\/\/sertv.gob.pa\/nacionalfm\/wp-json\/wp\/v2\/comments?post=9723"}],"version-history":[{"count":0,"href":"https:\/\/sertv.gob.pa\/nacionalfm\/wp-json\/wp\/v2\/posts\/9723\/revisions"}],"wp:featuredmedia":[{"embeddable":true,"href":"https:\/\/sertv.gob.pa\/nacionalfm\/wp-json\/wp\/v2\/media\/9724"}],"wp:attachment":[{"href":"https:\/\/sertv.gob.pa\/nacionalfm\/wp-json\/wp\/v2\/media?parent=9723"}],"wp:term":[{"taxonomy":"category","embeddable":true,"href":"https:\/\/sertv.gob.pa\/nacionalfm\/wp-json\/wp\/v2\/categories?post=9723"},{"taxonomy":"post_tag","embeddable":true,"href":"https:\/\/sertv.gob.pa\/nacionalfm\/wp-json\/wp\/v2\/tags?post=9723"}],"curies":[{"name":"wp","href":"https:\/\/api.w.org\/{rel}","templated":true}]}}