{"id":9741,"date":"2015-12-31T15:32:21","date_gmt":"2015-12-31T15:32:21","guid":{"rendered":""},"modified":"2015-12-31T15:32:21","modified_gmt":"2015-12-31T15:32:21","slug":"carnes-curadas-y-procesadas-declaradas-por-oms-como-carcinogenicas","status":"publish","type":"post","link":"https:\/\/sertv.gob.pa\/nacionalfm\/carnes-curadas-y-procesadas-declaradas-por-oms-como-carcinogenicas\/","title":{"rendered":"Carnes curadas y procesadas declaradas por OMS como carcinog\u00e9nicas"},"content":{"rendered":"<p>\nLas carnes curadas y procesadas como el tocino, el jam\u00f3n y las salchichas fueron declaradas por la OMS como carcinog\u00e9nicas para los humanos, ubic\u00e1ndolas en la misma categor\u00eda que otros cancer\u00edgenos, incluyendo los asbestos, el alcohol, el ars\u00e9nico y el tabaco. <\/p>\n<p>Esta clasificaci\u00f3n se bas\u00f3 en evidencias que mostraron la relaci\u00f3n entre el consumo de carne procesada y el desarrollo de c\u00e1ncer colorrectal. <\/p>\n","protected":false},"excerpt":{"rendered":"<p>Las carnes curadas y procesadas como el tocino, el jam\u00f3n <a href=\"https:\/\/sertv.gob.pa\/nacionalfm\/carnes-curadas-y-procesadas-declaradas-por-oms-como-carcinogenicas\/\"> [&#8230;]<\/a><\/p>\n","protected":false},"author":1,"featured_media":9742,"comment_status":"closed","ping_status":"closed","sticky":false,"template":"","format":"standard","meta":{"footnotes":""},"categories":[5],"tags":[],"class_list":["post-9741","post","type-post","status-publish","format-standard","has-post-thumbnail","hentry","category-salud"],"_links":{"self":[{"href":"https:\/\/sertv.gob.pa\/nacionalfm\/wp-json\/wp\/v2\/posts\/9741","targetHints":{"allow":["GET"]}}],"collection":[{"href":"https:\/\/sertv.gob.pa\/nacionalfm\/wp-json\/wp\/v2\/posts"}],"about":[{"href":"https:\/\/sertv.gob.pa\/nacionalfm\/wp-json\/wp\/v2\/types\/post"}],"author":[{"embeddable":true,"href":"https:\/\/sertv.gob.pa\/nacionalfm\/wp-json\/wp\/v2\/users\/1"}],"replies":[{"embeddable":true,"href":"https:\/\/sertv.gob.pa\/nacionalfm\/wp-json\/wp\/v2\/comments?post=9741"}],"version-history":[{"count":0,"href":"https:\/\/sertv.gob.pa\/nacionalfm\/wp-json\/wp\/v2\/posts\/9741\/revisions"}],"wp:featuredmedia":[{"embeddable":true,"href":"https:\/\/sertv.gob.pa\/nacionalfm\/wp-json\/wp\/v2\/media\/9742"}],"wp:attachment":[{"href":"https:\/\/sertv.gob.pa\/nacionalfm\/wp-json\/wp\/v2\/media?parent=9741"}],"wp:term":[{"taxonomy":"category","embeddable":true,"href":"https:\/\/sertv.gob.pa\/nacionalfm\/wp-json\/wp\/v2\/categories?post=9741"},{"taxonomy":"post_tag","embeddable":true,"href":"https:\/\/sertv.gob.pa\/nacionalfm\/wp-json\/wp\/v2\/tags?post=9741"}],"curies":[{"name":"wp","href":"https:\/\/api.w.org\/{rel}","templated":true}]}}