{"id":97421,"date":"2024-07-31T12:37:51","date_gmt":"2024-07-31T17:37:51","guid":{"rendered":"https:\/\/sertv.gob.pa\/nacionalfm\/?p=97421"},"modified":"2024-07-31T12:38:34","modified_gmt":"2024-07-31T17:38:34","slug":"la-crisis-electoral-continua-en-venezuela-con-manifestaciones-y-cruce-de-acusaciones","status":"publish","type":"post","link":"https:\/\/sertv.gob.pa\/nacionalfm\/la-crisis-electoral-continua-en-venezuela-con-manifestaciones-y-cruce-de-acusaciones\/","title":{"rendered":"La crisis electoral contin\u00faa en Venezuela con manifestaciones y cruce de acusaciones"},"content":{"rendered":"<p><strong><em>Caracas (EFE).-<\/em><\/strong><em> En Venezuela salieron a las calles por segundo d\u00eda consecutivo para protestar en medio de la crisis electoral en contra de los resultados de las presidenciales emitidos por el Consejo Nacional Electoral (CNE), que dio como ganador al presidente,\u00a0<a href=\"https:\/\/efe.com\/mundo\/2024-07-31\/maduro-a-la-onu-violencia-en-protestas-son-golpe-de-estado\/\" target=\"_blank\" rel=\"noopener\"><strong>Nicol\u00e1s Maduro,<\/strong><\/a>\u00a0mientras la oposici\u00f3n y el chavismo se han acusado mutuamente de la violencia registrada en algunas de las manifestaciones.<\/em><\/p>\n<p><em>La Plataforma Unitaria Democr\u00e1tica (PUD), la mayor coalici\u00f3n opositora de Venezuela, reuni\u00f3 a miles de venezolanos en Caracas, donde participaron la l\u00edder Mar\u00eda Corina Machado y el candidato presidencial del bloque, Edmundo Gonz\u00e1lez Urrutia, que la oposici\u00f3n define como el ganador real de la contienda.<\/em><\/p>\n<p><em>\u00a0<\/em><\/p>\n<p><strong><em>Marcha en medio de la crisis electoral en Venezuela<\/em><\/strong><\/p>\n<p><em>Esta fue la primera actividad organizada que se produjo a gran escala luego de que el lunes se registraran numerosas protestas en varias regiones del pa\u00eds en rechazo al resultado brindado por el ente electoral, con el 80 % del escrutinio y sin mostrar las actas de totalizaci\u00f3n, cuando quedaban m\u00e1s de dos millones de votos por contabilizar, que todav\u00eda se desconoce a qui\u00e9n le fueron adjudicados.<\/em><\/p>\n<p><em>Entretanto, el chavismo tambi\u00e9n reuni\u00f3 a sus simpatizantes en diferentes regiones del pa\u00eds, as\u00ed como en Caracas -donde EFE constat\u00f3 que no se permiti\u00f3 el acceso a medios independientes- para \u201ccelebrar en paz\u201d lo que consideran el triunfo electoral de Maduro, a quien el CNE le otorg\u00f3 704.114 votos m\u00e1s que a Gonz\u00e1lez Urrutia, una diferencia muy inferior al n\u00famero de sufragios que quedan por computar.<\/em><\/p>\n<p><em>Maduro, desde el palacio de Gobierno, les pidi\u00f3 movilizarse \u201ctodos los d\u00edas\u201d para \u201crestituir la paz, la tranquilidad y la normalidad\u201d.<\/em><\/p>\n","protected":false},"excerpt":{"rendered":"<p>Caracas (EFE).- En Venezuela salieron a las calles por segundo <a href=\"https:\/\/sertv.gob.pa\/nacionalfm\/la-crisis-electoral-continua-en-venezuela-con-manifestaciones-y-cruce-de-acusaciones\/\"> [&#8230;]<\/a><\/p>\n","protected":false},"author":9,"featured_media":97423,"comment_status":"closed","ping_status":"closed","sticky":false,"template":"","format":"standard","meta":{"footnotes":""},"categories":[3],"tags":[],"class_list":["post-97421","post","type-post","status-publish","format-standard","has-post-thumbnail","hentry","category-internacionales"],"_links":{"self":[{"href":"https:\/\/sertv.gob.pa\/nacionalfm\/wp-json\/wp\/v2\/posts\/97421","targetHints":{"allow":["GET"]}}],"collection":[{"href":"https:\/\/sertv.gob.pa\/nacionalfm\/wp-json\/wp\/v2\/posts"}],"about":[{"href":"https:\/\/sertv.gob.pa\/nacionalfm\/wp-json\/wp\/v2\/types\/post"}],"author":[{"embeddable":true,"href":"https:\/\/sertv.gob.pa\/nacionalfm\/wp-json\/wp\/v2\/users\/9"}],"replies":[{"embeddable":true,"href":"https:\/\/sertv.gob.pa\/nacionalfm\/wp-json\/wp\/v2\/comments?post=97421"}],"version-history":[{"count":1,"href":"https:\/\/sertv.gob.pa\/nacionalfm\/wp-json\/wp\/v2\/posts\/97421\/revisions"}],"predecessor-version":[{"id":97424,"href":"https:\/\/sertv.gob.pa\/nacionalfm\/wp-json\/wp\/v2\/posts\/97421\/revisions\/97424"}],"wp:featuredmedia":[{"embeddable":true,"href":"https:\/\/sertv.gob.pa\/nacionalfm\/wp-json\/wp\/v2\/media\/97423"}],"wp:attachment":[{"href":"https:\/\/sertv.gob.pa\/nacionalfm\/wp-json\/wp\/v2\/media?parent=97421"}],"wp:term":[{"taxonomy":"category","embeddable":true,"href":"https:\/\/sertv.gob.pa\/nacionalfm\/wp-json\/wp\/v2\/categories?post=97421"},{"taxonomy":"post_tag","embeddable":true,"href":"https:\/\/sertv.gob.pa\/nacionalfm\/wp-json\/wp\/v2\/tags?post=97421"}],"curies":[{"name":"wp","href":"https:\/\/api.w.org\/{rel}","templated":true}]}}