{"id":9743,"date":"2015-12-31T15:39:15","date_gmt":"2015-12-31T15:39:15","guid":{"rendered":""},"modified":"2015-12-31T15:39:15","modified_gmt":"2015-12-31T15:39:15","slug":"minsa-confirma-24-casos-de-virus-zika-en-guna-yala","status":"publish","type":"post","link":"https:\/\/sertv.gob.pa\/nacionalfm\/minsa-confirma-24-casos-de-virus-zika-en-guna-yala\/","title":{"rendered":"Minsa confirma 24 casos de virus zika en Guna Yala"},"content":{"rendered":"<p>\nLas autoridades de salud dieron a conocer de 24 casos confirmados de  virus zika \u00a0en Panam\u00e1, seg\u00fan los registros obtenidos en las \u00faltimas horas. Todos ellos en la comarca Guna Yala. \u00a0 <\/p>\n<p>\u00a0Otros 60 casos est\u00e1n en proceso de investigaci\u00f3n, entre ellos, uno en Chepo, Panam\u00e1. En conferencia de prensa se inform\u00f3 que este paciente, a quien ya le hicieron las pruebas por dengue y chikungunya, se halla estable. \u00a0 <\/p>\n<p>La informaci\u00f3n se conoci\u00f3 durante la presentaci\u00f3n del informe anual de los casos y situaciones sobre salud p\u00fablica durante el a\u00f1o 2015 en todo el pa\u00eds. \u00a0 <\/p>\n<p>En ese sentido, las autoridades dieron a conocer que existe alarma ante el incremento de los casos de las enfermedades de transmisi\u00f3n sexual que est\u00e1n siendo reportados en Col\u00f3n y Panam\u00e1 Oeste. \u00a0 <\/p>\n<p>En la costa atl\u00e1ntica, seg\u00fan\u00a0las autoridades, hubo un aumento de la cifra de mujeres VIH positivas embarazadas: de 24 en 2014 a 35 en 2015. \u00a0 <\/p>\n<p>Por otra parte, hasta la fecha, en el pa\u00eds se han reportado cuatro defunciones por el dengue, mientras que en 2014 el n\u00famero de defunciones fue de nueve. En este a\u00f1o dos fallecimientos por dengue se dieron en la 24 de Diciembre; otro corresponde a Betania (regi\u00f3n metropolitana) y Guadalupe (Panam\u00e1 Oeste). \u00a0 <\/p>\n<p>En este 2015 los brotes de esta enfermedad se registraron en Panam\u00e1 este (Tort\u00ed y La Higuera de Chepo); Panam\u00e1 Metro (Las Garzas-Pacora); Dari\u00e9n (Boca de Cupe); Panam\u00e1 Oeste (L\u00eddice-Capira y Puerto Caimito-La Chorrera). \u00a0 <\/p>\n<p>Las autoridades recordaron la importancia de revisar el interior y los predios de la casa para detectar criaderos del mosquito  Aedes aegypti , como medida m\u00e1s efectiva para evitar la proliferaci\u00f3n de enfermedades; este vector es transmisor del dengue,  chikungunya \u00a0y zika, que circulan en el pa\u00eds. <\/p>\n<p>\u00a0 <\/p>\n<p>\u00a0 <\/p>\n","protected":false},"excerpt":{"rendered":"<p>Las autoridades de salud dieron a conocer de 24 casos <a href=\"https:\/\/sertv.gob.pa\/nacionalfm\/minsa-confirma-24-casos-de-virus-zika-en-guna-yala\/\"> [&#8230;]<\/a><\/p>\n","protected":false},"author":1,"featured_media":9744,"comment_status":"closed","ping_status":"closed","sticky":false,"template":"","format":"standard","meta":{"footnotes":""},"categories":[5],"tags":[],"class_list":["post-9743","post","type-post","status-publish","format-standard","has-post-thumbnail","hentry","category-salud"],"_links":{"self":[{"href":"https:\/\/sertv.gob.pa\/nacionalfm\/wp-json\/wp\/v2\/posts\/9743","targetHints":{"allow":["GET"]}}],"collection":[{"href":"https:\/\/sertv.gob.pa\/nacionalfm\/wp-json\/wp\/v2\/posts"}],"about":[{"href":"https:\/\/sertv.gob.pa\/nacionalfm\/wp-json\/wp\/v2\/types\/post"}],"author":[{"embeddable":true,"href":"https:\/\/sertv.gob.pa\/nacionalfm\/wp-json\/wp\/v2\/users\/1"}],"replies":[{"embeddable":true,"href":"https:\/\/sertv.gob.pa\/nacionalfm\/wp-json\/wp\/v2\/comments?post=9743"}],"version-history":[{"count":0,"href":"https:\/\/sertv.gob.pa\/nacionalfm\/wp-json\/wp\/v2\/posts\/9743\/revisions"}],"wp:featuredmedia":[{"embeddable":true,"href":"https:\/\/sertv.gob.pa\/nacionalfm\/wp-json\/wp\/v2\/media\/9744"}],"wp:attachment":[{"href":"https:\/\/sertv.gob.pa\/nacionalfm\/wp-json\/wp\/v2\/media?parent=9743"}],"wp:term":[{"taxonomy":"category","embeddable":true,"href":"https:\/\/sertv.gob.pa\/nacionalfm\/wp-json\/wp\/v2\/categories?post=9743"},{"taxonomy":"post_tag","embeddable":true,"href":"https:\/\/sertv.gob.pa\/nacionalfm\/wp-json\/wp\/v2\/tags?post=9743"}],"curies":[{"name":"wp","href":"https:\/\/api.w.org\/{rel}","templated":true}]}}