{"id":97467,"date":"2024-08-01T12:28:26","date_gmt":"2024-08-01T17:28:26","guid":{"rendered":"https:\/\/sertv.gob.pa\/nacionalfm\/?p=97467"},"modified":"2024-08-01T12:28:26","modified_gmt":"2024-08-01T17:28:26","slug":"miles-de-iranies-asisten-al-funeral-del-lider-de-hamas-con-gritos-de-muerte-a-israel","status":"publish","type":"post","link":"https:\/\/sertv.gob.pa\/nacionalfm\/miles-de-iranies-asisten-al-funeral-del-lider-de-hamas-con-gritos-de-muerte-a-israel\/","title":{"rendered":"Miles de iran\u00edes asisten al funeral del l\u00edder de Hamas con gritos de \u201cmuerte a Israel\u201d"},"content":{"rendered":"<p><strong><em>Teher\u00e1n (EFE).-<\/em><\/strong><em> Miles de personas participaron este jueves en el funeral del jefe del bur\u00f3 pol\u00edtico del movimiento islamista palestino Hamas, Ismail Haniyeh, en Teher\u00e1n, encabezado por el l\u00edder supremo del pa\u00eds, Ali Jamene\u00ed, quien se encarg\u00f3 de la oraci\u00f3n f\u00fanebre.<\/em><\/p>\n<p><em>La m\u00e1xima autoridad iran\u00ed presidi\u00f3, en el patio de la Universidad de Teher\u00e1n, el rezo ante los ata\u00fades de Haniyeh y de su guardaespaldas, identificado como Wasim Abu Shaaban, asesinados la madrugada del mi\u00e9rcoles en un ataque atribuido a Israel contra su residencia en la capital iran\u00ed.<\/em><\/p>\n<p><em>A la ceremonia tambi\u00e9n asistieron las autoridades estatales y militares iran\u00edes, como el presidente Masud Pezeshkian, as\u00ed como autoridades del llamado \u2018Eje de la Resistencia\u2019, una alianza informal aniisrael\u00ed, liderada por Teher\u00e1n.<\/em><\/p>\n<p><em>\u00a0<\/em><\/p>\n","protected":false},"excerpt":{"rendered":"<p>Teher\u00e1n (EFE).- Miles de personas participaron este jueves en el <a href=\"https:\/\/sertv.gob.pa\/nacionalfm\/miles-de-iranies-asisten-al-funeral-del-lider-de-hamas-con-gritos-de-muerte-a-israel\/\"> [&#8230;]<\/a><\/p>\n","protected":false},"author":9,"featured_media":97468,"comment_status":"closed","ping_status":"closed","sticky":false,"template":"","format":"standard","meta":{"footnotes":""},"categories":[3],"tags":[],"class_list":["post-97467","post","type-post","status-publish","format-standard","has-post-thumbnail","hentry","category-internacionales"],"_links":{"self":[{"href":"https:\/\/sertv.gob.pa\/nacionalfm\/wp-json\/wp\/v2\/posts\/97467","targetHints":{"allow":["GET"]}}],"collection":[{"href":"https:\/\/sertv.gob.pa\/nacionalfm\/wp-json\/wp\/v2\/posts"}],"about":[{"href":"https:\/\/sertv.gob.pa\/nacionalfm\/wp-json\/wp\/v2\/types\/post"}],"author":[{"embeddable":true,"href":"https:\/\/sertv.gob.pa\/nacionalfm\/wp-json\/wp\/v2\/users\/9"}],"replies":[{"embeddable":true,"href":"https:\/\/sertv.gob.pa\/nacionalfm\/wp-json\/wp\/v2\/comments?post=97467"}],"version-history":[{"count":1,"href":"https:\/\/sertv.gob.pa\/nacionalfm\/wp-json\/wp\/v2\/posts\/97467\/revisions"}],"predecessor-version":[{"id":97469,"href":"https:\/\/sertv.gob.pa\/nacionalfm\/wp-json\/wp\/v2\/posts\/97467\/revisions\/97469"}],"wp:featuredmedia":[{"embeddable":true,"href":"https:\/\/sertv.gob.pa\/nacionalfm\/wp-json\/wp\/v2\/media\/97468"}],"wp:attachment":[{"href":"https:\/\/sertv.gob.pa\/nacionalfm\/wp-json\/wp\/v2\/media?parent=97467"}],"wp:term":[{"taxonomy":"category","embeddable":true,"href":"https:\/\/sertv.gob.pa\/nacionalfm\/wp-json\/wp\/v2\/categories?post=97467"},{"taxonomy":"post_tag","embeddable":true,"href":"https:\/\/sertv.gob.pa\/nacionalfm\/wp-json\/wp\/v2\/tags?post=97467"}],"curies":[{"name":"wp","href":"https:\/\/api.w.org\/{rel}","templated":true}]}}