{"id":97533,"date":"2024-08-05T13:54:41","date_gmt":"2024-08-05T18:54:41","guid":{"rendered":"https:\/\/sertv.gob.pa\/nacionalfm\/?p=97533"},"modified":"2024-08-05T13:54:41","modified_gmt":"2024-08-05T18:54:41","slug":"la-primera-ministra-de-bangladesh-dimite-y-deja-el-pais-mientras-miles-de-manifestantes-asaltan-su-residencia-oficial","status":"publish","type":"post","link":"https:\/\/sertv.gob.pa\/nacionalfm\/la-primera-ministra-de-bangladesh-dimite-y-deja-el-pais-mientras-miles-de-manifestantes-asaltan-su-residencia-oficial\/","title":{"rendered":"La primera ministra de Bangladesh dimite y deja el pa\u00eds mientras miles de manifestantes asaltan su residencia oficial"},"content":{"rendered":"<p><strong><em>Daca (EFE).- <\/em><\/strong><em>La primera ministra de Bangladesh, Sheikh Hasina, dimiti\u00f3 este lunes y abandon\u00f3 el pa\u00eds, seg\u00fan la televisi\u00f3n Canal 24, tras semanas de violencia generalizada en las calles por las protestas estudiantiles que se han saldado con casi 300 muertos.<\/em><\/p>\n<p><em>La primera ministra abandon\u00f3 el pa\u00eds en helic\u00f3ptero militar a las 14:30 hora local (8:30 GMT), acompa\u00f1ada por su hermana menor Sheikh Rehana, inform\u00f3 el medio local Prothom Alo.<\/em><\/p>\n<p><em>Fuentes citadas por el medio dijeron que partieron hacia Bengala Occidental, en la India.<\/em><\/p>\n<p><em>Hasina asumi\u00f3 el pasado enero su cuarto mandato consecutivo tras imponerse con claridad en unas elecciones que fueron boicoteadas por la oposici\u00f3n.<\/em><\/p>\n<p>&nbsp;<\/p>\n","protected":false},"excerpt":{"rendered":"<p>Daca (EFE).- La primera ministra de Bangladesh, Sheikh Hasina, dimiti\u00f3 <a href=\"https:\/\/sertv.gob.pa\/nacionalfm\/la-primera-ministra-de-bangladesh-dimite-y-deja-el-pais-mientras-miles-de-manifestantes-asaltan-su-residencia-oficial\/\"> [&#8230;]<\/a><\/p>\n","protected":false},"author":9,"featured_media":97534,"comment_status":"closed","ping_status":"closed","sticky":false,"template":"","format":"standard","meta":{"footnotes":""},"categories":[3],"tags":[],"class_list":["post-97533","post","type-post","status-publish","format-standard","has-post-thumbnail","hentry","category-internacionales"],"_links":{"self":[{"href":"https:\/\/sertv.gob.pa\/nacionalfm\/wp-json\/wp\/v2\/posts\/97533","targetHints":{"allow":["GET"]}}],"collection":[{"href":"https:\/\/sertv.gob.pa\/nacionalfm\/wp-json\/wp\/v2\/posts"}],"about":[{"href":"https:\/\/sertv.gob.pa\/nacionalfm\/wp-json\/wp\/v2\/types\/post"}],"author":[{"embeddable":true,"href":"https:\/\/sertv.gob.pa\/nacionalfm\/wp-json\/wp\/v2\/users\/9"}],"replies":[{"embeddable":true,"href":"https:\/\/sertv.gob.pa\/nacionalfm\/wp-json\/wp\/v2\/comments?post=97533"}],"version-history":[{"count":1,"href":"https:\/\/sertv.gob.pa\/nacionalfm\/wp-json\/wp\/v2\/posts\/97533\/revisions"}],"predecessor-version":[{"id":97535,"href":"https:\/\/sertv.gob.pa\/nacionalfm\/wp-json\/wp\/v2\/posts\/97533\/revisions\/97535"}],"wp:featuredmedia":[{"embeddable":true,"href":"https:\/\/sertv.gob.pa\/nacionalfm\/wp-json\/wp\/v2\/media\/97534"}],"wp:attachment":[{"href":"https:\/\/sertv.gob.pa\/nacionalfm\/wp-json\/wp\/v2\/media?parent=97533"}],"wp:term":[{"taxonomy":"category","embeddable":true,"href":"https:\/\/sertv.gob.pa\/nacionalfm\/wp-json\/wp\/v2\/categories?post=97533"},{"taxonomy":"post_tag","embeddable":true,"href":"https:\/\/sertv.gob.pa\/nacionalfm\/wp-json\/wp\/v2\/tags?post=97533"}],"curies":[{"name":"wp","href":"https:\/\/api.w.org\/{rel}","templated":true}]}}