{"id":97568,"date":"2024-08-06T12:47:46","date_gmt":"2024-08-06T17:47:46","guid":{"rendered":"https:\/\/sertv.gob.pa\/nacionalfm\/?p=97568"},"modified":"2024-08-06T12:47:46","modified_gmt":"2024-08-06T17:47:46","slug":"kamala-harris-elige-a-tim-walz-gobernador-de-minnesota-como-su-vicepresidente","status":"publish","type":"post","link":"https:\/\/sertv.gob.pa\/nacionalfm\/kamala-harris-elige-a-tim-walz-gobernador-de-minnesota-como-su-vicepresidente\/","title":{"rendered":"Kamala Harris elige a Tim Walz, gobernador de Minnesota, como su vicepresidente"},"content":{"rendered":"<p><strong><em>Washington (EFE).-<\/em><\/strong><em> La vicepresidenta y candidata dem\u00f3crata a la Presidencia de Estados Unidos, Kamala Harris, hizo oficial esta ma\u00f1ana la elecci\u00f3n del gobernador de Minesota, Tim Walz, como compa\u00f1ero de f\u00f3rmula y destac\u00f3 que ser\u00e1 un defensor de la clase media y las familias trabajadoras.<\/em><\/p>\n<p><em>Ambos aparecer\u00e1n por primera vez juntos en p\u00fablico esta tarde en un mitin en Filadelfia (Pensilvania), donde dar\u00e1n el pistoletazo de salida a una gira por los estados \u2018bisagra\u2019 del pa\u00eds, que son clave para asegurar el camino a la Casa Blanca.<\/em><\/p>\n<p><em>Tim Walz, de 60 a\u00f1os, es el gobernador de Minesota desde 2019, cargo para el que fue reelegido en 2022, y era considerado el m\u00e1s progresista de los tres aspirantes finalistas para el cargo.<\/em><\/p>\n<p><em><a href=\"https:\/\/efe.com\/mundo\/2024-08-05\/kamala-harris-elige-candidato-vicepresidente\/\" target=\"_blank\" rel=\"noopener\">Harris<\/a>\u00a0entrevist\u00f3 el domingo en su residencia oficial de Washington, el Observatorio Naval, a Walz, al gobernador de Pensilvania, Josh Shapiro; y al senador de Arizona Mark Kelly.<\/em><\/p>\n","protected":false},"excerpt":{"rendered":"<p>Washington (EFE).- La vicepresidenta y candidata dem\u00f3crata a la Presidencia <a href=\"https:\/\/sertv.gob.pa\/nacionalfm\/kamala-harris-elige-a-tim-walz-gobernador-de-minnesota-como-su-vicepresidente\/\"> [&#8230;]<\/a><\/p>\n","protected":false},"author":9,"featured_media":97569,"comment_status":"closed","ping_status":"closed","sticky":false,"template":"","format":"standard","meta":{"footnotes":""},"categories":[3],"tags":[],"class_list":["post-97568","post","type-post","status-publish","format-standard","has-post-thumbnail","hentry","category-internacionales"],"_links":{"self":[{"href":"https:\/\/sertv.gob.pa\/nacionalfm\/wp-json\/wp\/v2\/posts\/97568","targetHints":{"allow":["GET"]}}],"collection":[{"href":"https:\/\/sertv.gob.pa\/nacionalfm\/wp-json\/wp\/v2\/posts"}],"about":[{"href":"https:\/\/sertv.gob.pa\/nacionalfm\/wp-json\/wp\/v2\/types\/post"}],"author":[{"embeddable":true,"href":"https:\/\/sertv.gob.pa\/nacionalfm\/wp-json\/wp\/v2\/users\/9"}],"replies":[{"embeddable":true,"href":"https:\/\/sertv.gob.pa\/nacionalfm\/wp-json\/wp\/v2\/comments?post=97568"}],"version-history":[{"count":1,"href":"https:\/\/sertv.gob.pa\/nacionalfm\/wp-json\/wp\/v2\/posts\/97568\/revisions"}],"predecessor-version":[{"id":97570,"href":"https:\/\/sertv.gob.pa\/nacionalfm\/wp-json\/wp\/v2\/posts\/97568\/revisions\/97570"}],"wp:featuredmedia":[{"embeddable":true,"href":"https:\/\/sertv.gob.pa\/nacionalfm\/wp-json\/wp\/v2\/media\/97569"}],"wp:attachment":[{"href":"https:\/\/sertv.gob.pa\/nacionalfm\/wp-json\/wp\/v2\/media?parent=97568"}],"wp:term":[{"taxonomy":"category","embeddable":true,"href":"https:\/\/sertv.gob.pa\/nacionalfm\/wp-json\/wp\/v2\/categories?post=97568"},{"taxonomy":"post_tag","embeddable":true,"href":"https:\/\/sertv.gob.pa\/nacionalfm\/wp-json\/wp\/v2\/tags?post=97568"}],"curies":[{"name":"wp","href":"https:\/\/api.w.org\/{rel}","templated":true}]}}