{"id":97695,"date":"2024-08-09T11:24:05","date_gmt":"2024-08-09T16:24:05","guid":{"rendered":"https:\/\/sertv.gob.pa\/nacionalfm\/?p=97695"},"modified":"2024-08-09T11:24:05","modified_gmt":"2024-08-09T16:24:05","slug":"daca-se-esfuerza-por-volver-a-la-normalidad-en-el-primer-dia-de-yunus-al-frente-del-pais","status":"publish","type":"post","link":"https:\/\/sertv.gob.pa\/nacionalfm\/daca-se-esfuerza-por-volver-a-la-normalidad-en-el-primer-dia-de-yunus-al-frente-del-pais\/","title":{"rendered":"Daca se esfuerza por volver a la normalidad en el primer d\u00eda de Yunus al frente del pa\u00eds"},"content":{"rendered":"<p><strong><em>Daca (EFE).-<\/em><\/strong><em> Los habitantes de Daca se esforzaron este viernes por buscar un viso de normalidad en el primer d\u00eda del premio Nobel Muhammad Yunus como nuevo jefe del Gobierno interino, tras semanas de violencia que dej\u00f3 m\u00e1s de 400 muertos, aunque la ausencia de Polic\u00eda en las calles contin\u00faa obligando a estudiantes a gestionar el ca\u00f3tico tr\u00e1fico de la capital.<\/em><\/p>\n<p><em>\u201cYa que no hay Polic\u00eda, hemos tomado la responsabilidad de gestionar el tr\u00e1fico en los \u00faltimos d\u00edas\u201d, dijo a EFE Sanjit Mahamood, un estudiante de la Universidad Siddheswari, cerrada estos d\u00edas al igual que el resto de establecimientos educativos del pa\u00eds.<\/em><\/p>\n<p><em>La zona de Banasree, donde Mahamood y un peque\u00f1o grupo de estudiantes de ambos sexos controla el tr\u00e1fico desde por la ma\u00f1ana, fue escenario de fuertes choques entre manifestantes y las fuerzas de seguridad, en los que EFE confirm\u00f3 al menos 15 muertos.<\/em><\/p>\n<p>&nbsp;<\/p>\n","protected":false},"excerpt":{"rendered":"<p>Daca (EFE).- Los habitantes de Daca se esforzaron este viernes <a href=\"https:\/\/sertv.gob.pa\/nacionalfm\/daca-se-esfuerza-por-volver-a-la-normalidad-en-el-primer-dia-de-yunus-al-frente-del-pais\/\"> [&#8230;]<\/a><\/p>\n","protected":false},"author":9,"featured_media":97696,"comment_status":"closed","ping_status":"closed","sticky":false,"template":"","format":"standard","meta":{"footnotes":""},"categories":[3],"tags":[],"class_list":["post-97695","post","type-post","status-publish","format-standard","has-post-thumbnail","hentry","category-internacionales"],"_links":{"self":[{"href":"https:\/\/sertv.gob.pa\/nacionalfm\/wp-json\/wp\/v2\/posts\/97695","targetHints":{"allow":["GET"]}}],"collection":[{"href":"https:\/\/sertv.gob.pa\/nacionalfm\/wp-json\/wp\/v2\/posts"}],"about":[{"href":"https:\/\/sertv.gob.pa\/nacionalfm\/wp-json\/wp\/v2\/types\/post"}],"author":[{"embeddable":true,"href":"https:\/\/sertv.gob.pa\/nacionalfm\/wp-json\/wp\/v2\/users\/9"}],"replies":[{"embeddable":true,"href":"https:\/\/sertv.gob.pa\/nacionalfm\/wp-json\/wp\/v2\/comments?post=97695"}],"version-history":[{"count":1,"href":"https:\/\/sertv.gob.pa\/nacionalfm\/wp-json\/wp\/v2\/posts\/97695\/revisions"}],"predecessor-version":[{"id":97697,"href":"https:\/\/sertv.gob.pa\/nacionalfm\/wp-json\/wp\/v2\/posts\/97695\/revisions\/97697"}],"wp:featuredmedia":[{"embeddable":true,"href":"https:\/\/sertv.gob.pa\/nacionalfm\/wp-json\/wp\/v2\/media\/97696"}],"wp:attachment":[{"href":"https:\/\/sertv.gob.pa\/nacionalfm\/wp-json\/wp\/v2\/media?parent=97695"}],"wp:term":[{"taxonomy":"category","embeddable":true,"href":"https:\/\/sertv.gob.pa\/nacionalfm\/wp-json\/wp\/v2\/categories?post=97695"},{"taxonomy":"post_tag","embeddable":true,"href":"https:\/\/sertv.gob.pa\/nacionalfm\/wp-json\/wp\/v2\/tags?post=97695"}],"curies":[{"name":"wp","href":"https:\/\/api.w.org\/{rel}","templated":true}]}}