{"id":97891,"date":"2024-08-16T11:29:49","date_gmt":"2024-08-16T16:29:49","guid":{"rendered":"https:\/\/sertv.gob.pa\/nacionalfm\/?p=97891"},"modified":"2024-08-16T11:29:49","modified_gmt":"2024-08-16T16:29:49","slug":"oms-la-expansion-de-mpox-requiere-una-respuesta-unificada-pero-sin-entrar-en-panico","status":"publish","type":"post","link":"https:\/\/sertv.gob.pa\/nacionalfm\/oms-la-expansion-de-mpox-requiere-una-respuesta-unificada-pero-sin-entrar-en-panico\/","title":{"rendered":"OMS: La expansi\u00f3n de mpox requiere una respuesta unificada, pero sin entrar en p\u00e1nico"},"content":{"rendered":"<p><strong><em>Ginebra (EFE).- <\/em><\/strong><em>La llegada de la nueva variante de mpox a Europa es una clara muestra de que contener la propagaci\u00f3n de esta enfermedad antes llamada viruela del mono requerir\u00e1 una respuesta internacional unificada, dijo este viernes la Organizaci\u00f3n Mundial de la Salud (OMS), que pidi\u00f3 no caer en el p\u00e1nico.<\/em><\/p>\n<p><em>\u201cLa identificaci\u00f3n de la primera infecci\u00f3n por mpox clade (variante) 1b en Suecia subraya la necesidad de que los pa\u00edses afectados aborden juntos el virus\u201d, declar\u00f3 el director general de la OMS, Tedros Adhanom Ghebreyesus.<\/em><\/p>\n<p><em>Alent\u00f3 a todos los pa\u00edses a mejorar la vigilancia, a compartir los datos que tengan y a trabajar para comprender mejor la transmisi\u00f3n, as\u00ed como a compartir las vacunas que tengan.<\/em><\/p>\n<p><strong><em>\u00a0<\/em><\/strong><\/p>\n<p><strong><em>No dejarse llevar por el p\u00e1nico<\/em><\/strong><\/p>\n<p><strong><em>\u00a0<\/em><\/strong><\/p>\n<p><em>La portavoz de la OMS, Margaret Harris, dijo a la prensa internacional en Ginebra que no hay que caer en el p\u00e1nico por informaciones que circulan sobre supuestos contagios con solo dar la mano a una persona infectada, pero que todav\u00eda no presenta erupciones cut\u00e1neas.<\/em><\/p>\n<p><em>\u201cA menudos tenemos este tipo de ejemplos alarmistas, pero esto se contagia a trav\u00e9s de un contacto muy cercano, lo vemos en hogares, de madres a ni\u00f1os, por relaciones sexuales o mediante s\u00e1banas o ropa de alguien infectado\u201d, explic\u00f3.<\/em><\/p>\n<p><em>Preciso que \u201ca menudo es cuando las ampollas son visibles y hay fluido en \u00e9stas\u201d.<\/em><\/p>\n<p><em>Por su parte, el Centro Europeo para la Prevenci\u00f3n y Control de Enfermedades (ECDC) consider\u00f3 que es \u201cmuy probable\u201d que haya m\u00e1s casos importados de mpox (antes conocido como viruela del mono) en el continente, pero descart\u00f3 que pueda haber un contagio continuado si se toman las medidas pertinentes.<\/em><\/p>\n","protected":false},"excerpt":{"rendered":"<p>Ginebra (EFE).- La llegada de la nueva variante de mpox <a href=\"https:\/\/sertv.gob.pa\/nacionalfm\/oms-la-expansion-de-mpox-requiere-una-respuesta-unificada-pero-sin-entrar-en-panico\/\"> [&#8230;]<\/a><\/p>\n","protected":false},"author":9,"featured_media":97892,"comment_status":"closed","ping_status":"closed","sticky":false,"template":"","format":"standard","meta":{"footnotes":""},"categories":[3],"tags":[],"class_list":["post-97891","post","type-post","status-publish","format-standard","has-post-thumbnail","hentry","category-internacionales"],"_links":{"self":[{"href":"https:\/\/sertv.gob.pa\/nacionalfm\/wp-json\/wp\/v2\/posts\/97891","targetHints":{"allow":["GET"]}}],"collection":[{"href":"https:\/\/sertv.gob.pa\/nacionalfm\/wp-json\/wp\/v2\/posts"}],"about":[{"href":"https:\/\/sertv.gob.pa\/nacionalfm\/wp-json\/wp\/v2\/types\/post"}],"author":[{"embeddable":true,"href":"https:\/\/sertv.gob.pa\/nacionalfm\/wp-json\/wp\/v2\/users\/9"}],"replies":[{"embeddable":true,"href":"https:\/\/sertv.gob.pa\/nacionalfm\/wp-json\/wp\/v2\/comments?post=97891"}],"version-history":[{"count":1,"href":"https:\/\/sertv.gob.pa\/nacionalfm\/wp-json\/wp\/v2\/posts\/97891\/revisions"}],"predecessor-version":[{"id":97893,"href":"https:\/\/sertv.gob.pa\/nacionalfm\/wp-json\/wp\/v2\/posts\/97891\/revisions\/97893"}],"wp:featuredmedia":[{"embeddable":true,"href":"https:\/\/sertv.gob.pa\/nacionalfm\/wp-json\/wp\/v2\/media\/97892"}],"wp:attachment":[{"href":"https:\/\/sertv.gob.pa\/nacionalfm\/wp-json\/wp\/v2\/media?parent=97891"}],"wp:term":[{"taxonomy":"category","embeddable":true,"href":"https:\/\/sertv.gob.pa\/nacionalfm\/wp-json\/wp\/v2\/categories?post=97891"},{"taxonomy":"post_tag","embeddable":true,"href":"https:\/\/sertv.gob.pa\/nacionalfm\/wp-json\/wp\/v2\/tags?post=97891"}],"curies":[{"name":"wp","href":"https:\/\/api.w.org\/{rel}","templated":true}]}}