{"id":97951,"date":"2024-08-19T12:57:43","date_gmt":"2024-08-19T17:57:43","guid":{"rendered":"https:\/\/sertv.gob.pa\/nacionalfm\/?p=97951"},"modified":"2024-08-19T12:57:43","modified_gmt":"2024-08-19T17:57:43","slug":"de-el-gatopardo-a-rocco-y-sus-hermanos-alain-delon-en-ocho-peliculas-miticas","status":"publish","type":"post","link":"https:\/\/sertv.gob.pa\/nacionalfm\/de-el-gatopardo-a-rocco-y-sus-hermanos-alain-delon-en-ocho-peliculas-miticas\/","title":{"rendered":"De \u201cEl Gatopardo\u201d a \u201cRocco y sus hermanos\u201d, Alain Delon en ocho pel\u00edculas m\u00edticas"},"content":{"rendered":"<div class=\"fusion-fullwidth fullwidth-box fusion-builder-row-1 fusion-flex-container has-pattern-background has-mask-background nonhundred-percent-fullwidth non-hundred-percent-height-scrolling\" style=\"--awb-border-radius-top-left:0px;--awb-border-radius-top-right:0px;--awb-border-radius-bottom-right:0px;--awb-border-radius-bottom-left:0px;--awb-flex-wrap:wrap;\" ><div class=\"fusion-builder-row fusion-row fusion-flex-align-items-flex-start fusion-flex-content-wrap\" style=\"max-width:1144px;margin-left: calc(-4% \/ 2 );margin-right: calc(-4% \/ 2 );\"><div class=\"fusion-layout-column fusion_builder_column fusion-builder-column-0 fusion_builder_column_1_1 1_1 fusion-flex-column\" style=\"--awb-bg-size:cover;--awb-width-large:100%;--awb-margin-top-large:0px;--awb-spacing-right-large:1.92%;--awb-margin-bottom-large:20px;--awb-spacing-left-large:1.92%;--awb-width-medium:100%;--awb-order-medium:0;--awb-spacing-right-medium:1.92%;--awb-spacing-left-medium:1.92%;--awb-width-small:100%;--awb-order-small:0;--awb-spacing-right-small:1.92%;--awb-spacing-left-small:1.92%;\"><div class=\"fusion-column-wrapper fusion-column-has-shadow fusion-flex-justify-content-flex-start fusion-content-layout-column\"><div class=\"fusion-text fusion-text-1\"><p><strong><em>Madrid (EFE).-<\/em><\/strong><em> Alain Delon, fallecido este domingo en Par\u00eds a los 88 a\u00f1os, apareci\u00f3 en cerca de un centenar de pel\u00edculas o series, que incluyen las legendarias \u201cEl Gatopardo\u201d, \u201cEl Samurai\u201d, \u201cRocco y sus hermanos\u201d o \u201cA Pleno Sol\u201d, donde interpret\u00f3 a un inquietante Ripley. Esta es una selecci\u00f3n de algunos de sus mejores t\u00edtulos:<\/em><\/p>\n<p><strong><em>\u201cRocco y sus hermanos\u201d (Luchino Visconti, 1960)<\/em><\/strong><\/p>\n<p><em>Rocco es Alain\u00a0<a href=\"https:\/\/efe.com\/cultura\/2024-08-18\/muere-alain-delon-estrella-cine-frances-88-anos\/\" target=\"_blank\" rel=\"noopener\"><strong>Delon<\/strong><\/a>, que de nuevo usa su turbulento pasado para dar vida con naturalidad a un joven inmigrante que intenta huir de la miseria en el industrializado Mil\u00e1n de los a\u00f1os 60, junto a sus cuatro hermanos. Una obra maestra grabada en blanco y negro en el pa\u00eds que, junto a su Francia natal, m\u00e1s \u00e9xitos cinematogr\u00e1ficos dio a Delon, que hablaba italiano con fluidez.<\/em><\/p>\n<p><strong><em>\u201cA pleno sol\u201d (Ren\u00e9 Clement, 1960)<\/em><\/strong><\/p>\n<p><em>Esta es la primera adaptaci\u00f3n al cine de la novela de Patricia Highsmith, que fue versionada nuevamente en 1999 con Matt Damon y Jude Law (\u201cEl Talento de Mr. Ripley\u201d). Alain Delon es el primer Ripley de la gran pantalla, para muchos el m\u00e1s inquietante y perturbador. Borda su papel de impostor y falsificador en este thriller que dej\u00f3 la imagen del bell\u00edsimo actor franc\u00e9s con el torso desnudo manejando el tim\u00f3n de un barco a pleno sol.<\/em><\/p>\n<p><strong><em>\u201cEl eclipse\u201d (Michelangelo Antonioni, 1962)<\/em><\/strong><\/p>\n<p><em>Protagonizada junto a M\u00f3nica Vitti y al espa\u00f1ol Paco Rabal, la pel\u00edcula explora el malestar de la incomunicaci\u00f3n en las ciudades modernas y en un mundo cada vez m\u00e1s mecanizado y materialista. Gan\u00f3 el Premio del Jurado del Festival de Cannes.<\/em><\/p>\n<p><strong><em>\u201cEl Gatopardo\u201d (Luchino Visconti, 1963)<\/em><\/strong><\/p>\n<p><em>\u201cSi queremos que todo siga como est\u00e1, es necesario que todo cambie\u201d, le dice Alain Delon en el papel de Tancredi a su t\u00edo, el pr\u00edncipe de Salina, interpretado por Burt Lancaster, para convencerle de unirse al revolucionario Garibaldi.<\/em><\/p>\n<p><em>Esta frase de Giuseppe Tomasi di Lampedusa a\u00fan se utiliza como un ir\u00f3nico recordatorio de que los privilegiados lo van a seguir siendo pese a las apariencias de transformaciones sociales. Claudia Cardinale completaba el reparto protagonista de esta cumbre del cine italiano, que retrata a una decadente clase aristocr\u00e1tica refugiada en una casa de campo en Sicilia con m\u00fasica de Nino Rota.<\/em><\/p>\n<p><strong><em>\u201c\u00bfArde Par\u00eds?\u201d (Ren\u00e9 Cl\u00e9ment, 1966)<\/em><\/strong><\/p>\n<p><em>Una de sus mejores pel\u00edculas junto a, su primero rival y despu\u00e9s gran amigo, Jean-Paul Belmondo. Basada en una novela hist\u00f3rica de Larry Collins y Dominique Lapierre, narra las horas previas a la liberaci\u00f3n de Par\u00eds de la invasi\u00f3n nazi por parte de las tropas aliadas en la Segunda Guerra Mundial. El t\u00edtulo responde a la pregunta que le hizo Hitler a sus oficiales.<\/em><\/p>\n<p><strong><em>\u201cEl silencio de un hombre\u201d (Jean-Pierre Melville, 1968)<\/em><\/strong><\/p>\n<p><em>Otro de los grandes g\u00e9neros de\u00a0<a href=\"https:\/\/efe.com\/cultura\/2024-08-18\/adios-alain-delon-guapo-legendario-cine-frances\/\" target=\"_blank\" rel=\"noopener\"><strong>Delon\u00a0<\/strong><\/a>es el polic\u00edaco. En este t\u00edtulo de Melville, considerado uno de los mejores de la historia del cine negro, interpreta a un solitario y silencioso asesino a sueldo, Jeff Costelo, siempre vestido con gabardina y sombrero. Con Melville grab\u00f3 tambi\u00e9n \u201cC\u00edrculo Rojo\u201d (1970).<\/em><\/p>\n<p><strong><em>\u201cLa Piscina\u201d (Jacques Deray, 1969)<\/em><\/strong><\/p>\n<p><em>La combinaci\u00f3n de Alain Delon con las actrices Romy Schneider (uno de sus grandes amores en la vida real) y Jane Birkin gener\u00f3 planos emblem\u00e1ticos y t\u00f3rridos en una piscina de la Riviera francesa. Un drama firmado por el guionista favorito de Luis Bu\u00f1uel, Jean-Claude Carri\u00e8re, que se convirti\u00f3 en uno de los mayores \u00e9xitos de taquilla en la carrera de Delon.<\/em><\/p>\n<p><strong><em>\u201cHabitaciones separadas\u201d (Bertrand Blier, 1984)<\/em><\/strong><\/p>\n<p><em>Con este papel, Delon logr\u00f3 su \u00fanico c\u00e9sar (los goyas franceses) a mejor actor. Interpreta a un alcoh\u00f3lico y desesperado que se aferra y persigue a una joven (Nathalie Baye) a la que conoce en un tren, como su \u00faltima oportunidad.<\/em><\/p>\n<\/div><div class=\"awb-gallery-wrapper awb-gallery-wrapper-1 button-span-no\" style=\"--more-btn-alignment:center;\"><div style=\"margin:-5px;--awb-bordersize:0px;\" class=\"fusion-gallery fusion-gallery-container fusion-grid-3 fusion-columns-total-5 fusion-gallery-layout-grid fusion-gallery-1\"><div style=\"padding:5px;\" class=\"fusion-grid-column fusion-gallery-column fusion-gallery-column-3 hover-type-none\"><div class=\"fusion-gallery-image\"><a href=\"https:\/\/sertv.gob.pa\/nacionalfm\/wp-content\/uploads\/sites\/6\/2024\/08\/ALAIN-DELON-2.jpeg\" rel=\"noreferrer\" data-rel=\"iLightbox[gallery_image_1]\" class=\"fusion-lightbox\" target=\"_self\"><img decoding=\"async\" src=\"https:\/\/sertv.gob.pa\/nacionalfm\/wp-content\/uploads\/sites\/6\/2024\/08\/ALAIN-DELON-2.jpeg\" width=\"600\" height=\"300\" alt=\"\" title=\"ALAIN DELON 2\" aria-label=\"ALAIN DELON 2\" class=\"img-responsive wp-image-97953\" srcset=\"https:\/\/sertv.gob.pa\/nacionalfm\/wp-content\/uploads\/sites\/6\/2024\/08\/ALAIN-DELON-2-200x100.jpeg 200w, https:\/\/sertv.gob.pa\/nacionalfm\/wp-content\/uploads\/sites\/6\/2024\/08\/ALAIN-DELON-2-400x200.jpeg 400w, https:\/\/sertv.gob.pa\/nacionalfm\/wp-content\/uploads\/sites\/6\/2024\/08\/ALAIN-DELON-2.jpeg 600w\" sizes=\"(min-width: 2200px) 100vw, (min-width: 784px) 363px, (min-width: 712px) 545px, (min-width: 640px) 712px, \" \/><\/a><\/div><\/div><div style=\"padding:5px;\" class=\"fusion-grid-column fusion-gallery-column fusion-gallery-column-3 hover-type-none\"><div class=\"fusion-gallery-image\"><a href=\"https:\/\/sertv.gob.pa\/nacionalfm\/wp-content\/uploads\/sites\/6\/2024\/08\/ALAIN-DELON-3.jpg\" rel=\"noreferrer\" data-rel=\"iLightbox[gallery_image_1]\" class=\"fusion-lightbox\" target=\"_self\"><img decoding=\"async\" src=\"https:\/\/sertv.gob.pa\/nacionalfm\/wp-content\/uploads\/sites\/6\/2024\/08\/ALAIN-DELON-3.jpg\" width=\"686\" height=\"386\" alt=\"\" title=\"ALAIN DELON 3\" aria-label=\"ALAIN DELON 3\" class=\"img-responsive wp-image-97954\" srcset=\"https:\/\/sertv.gob.pa\/nacionalfm\/wp-content\/uploads\/sites\/6\/2024\/08\/ALAIN-DELON-3-200x113.jpg 200w, https:\/\/sertv.gob.pa\/nacionalfm\/wp-content\/uploads\/sites\/6\/2024\/08\/ALAIN-DELON-3-400x225.jpg 400w, https:\/\/sertv.gob.pa\/nacionalfm\/wp-content\/uploads\/sites\/6\/2024\/08\/ALAIN-DELON-3-600x338.jpg 600w, https:\/\/sertv.gob.pa\/nacionalfm\/wp-content\/uploads\/sites\/6\/2024\/08\/ALAIN-DELON-3.jpg 686w\" sizes=\"(min-width: 2200px) 100vw, (min-width: 784px) 363px, (min-width: 712px) 545px, (min-width: 640px) 712px, \" \/><\/a><\/div><\/div><div style=\"padding:5px;\" class=\"fusion-grid-column fusion-gallery-column fusion-gallery-column-3 hover-type-none\"><div class=\"fusion-gallery-image\"><a href=\"https:\/\/sertv.gob.pa\/nacionalfm\/wp-content\/uploads\/sites\/6\/2024\/08\/ALAIN-DELON-4.jpg\" rel=\"noreferrer\" data-rel=\"iLightbox[gallery_image_1]\" class=\"fusion-lightbox\" target=\"_self\"><img decoding=\"async\" src=\"https:\/\/sertv.gob.pa\/nacionalfm\/wp-content\/uploads\/sites\/6\/2024\/08\/ALAIN-DELON-4.jpg\" width=\"600\" height=\"400\" alt=\"\" title=\"ALAIN DELON 4\" aria-label=\"ALAIN DELON 4\" class=\"img-responsive wp-image-97955\" srcset=\"https:\/\/sertv.gob.pa\/nacionalfm\/wp-content\/uploads\/sites\/6\/2024\/08\/ALAIN-DELON-4-200x133.jpg 200w, https:\/\/sertv.gob.pa\/nacionalfm\/wp-content\/uploads\/sites\/6\/2024\/08\/ALAIN-DELON-4-400x267.jpg 400w, https:\/\/sertv.gob.pa\/nacionalfm\/wp-content\/uploads\/sites\/6\/2024\/08\/ALAIN-DELON-4.jpg 600w\" sizes=\"(min-width: 2200px) 100vw, (min-width: 784px) 363px, (min-width: 712px) 545px, (min-width: 640px) 712px, \" \/><\/a><\/div><\/div><div class=\"clearfix\"><\/div><div style=\"padding:5px;\" class=\"fusion-grid-column fusion-gallery-column fusion-gallery-column-3 hover-type-none\"><div class=\"fusion-gallery-image\"><a href=\"https:\/\/sertv.gob.pa\/nacionalfm\/wp-content\/uploads\/sites\/6\/2024\/08\/ALAIN-DELON-5.png\" rel=\"noreferrer\" data-rel=\"iLightbox[gallery_image_1]\" class=\"fusion-lightbox\" target=\"_self\"><img decoding=\"async\" src=\"https:\/\/sertv.gob.pa\/nacionalfm\/wp-content\/uploads\/sites\/6\/2024\/08\/ALAIN-DELON-5.png\" width=\"640\" height=\"360\" alt=\"\" title=\"ALAIN DELON 5\" aria-label=\"ALAIN DELON 5\" class=\"img-responsive wp-image-97956\" srcset=\"https:\/\/sertv.gob.pa\/nacionalfm\/wp-content\/uploads\/sites\/6\/2024\/08\/ALAIN-DELON-5-200x113.png 200w, https:\/\/sertv.gob.pa\/nacionalfm\/wp-content\/uploads\/sites\/6\/2024\/08\/ALAIN-DELON-5-400x225.png 400w, https:\/\/sertv.gob.pa\/nacionalfm\/wp-content\/uploads\/sites\/6\/2024\/08\/ALAIN-DELON-5-600x338.png 600w, https:\/\/sertv.gob.pa\/nacionalfm\/wp-content\/uploads\/sites\/6\/2024\/08\/ALAIN-DELON-5.png 640w\" sizes=\"(min-width: 2200px) 100vw, (min-width: 784px) 363px, (min-width: 712px) 545px, (min-width: 640px) 712px, \" \/><\/a><\/div><\/div><div style=\"padding:5px;\" class=\"fusion-grid-column fusion-gallery-column fusion-gallery-column-3 hover-type-none\"><div class=\"fusion-gallery-image\"><a href=\"https:\/\/sertv.gob.pa\/nacionalfm\/wp-content\/uploads\/sites\/6\/2024\/08\/ALAIN-DELON-6.jpg\" rel=\"noreferrer\" data-rel=\"iLightbox[gallery_image_1]\" class=\"fusion-lightbox\" target=\"_self\"><img decoding=\"async\" src=\"https:\/\/sertv.gob.pa\/nacionalfm\/wp-content\/uploads\/sites\/6\/2024\/08\/ALAIN-DELON-6.jpg\" width=\"612\" height=\"612\" alt=\"\" title=\"ALAIN DELON 6\" aria-label=\"ALAIN DELON 6\" class=\"img-responsive wp-image-97957\" srcset=\"https:\/\/sertv.gob.pa\/nacionalfm\/wp-content\/uploads\/sites\/6\/2024\/08\/ALAIN-DELON-6-200x200.jpg 200w, https:\/\/sertv.gob.pa\/nacionalfm\/wp-content\/uploads\/sites\/6\/2024\/08\/ALAIN-DELON-6-400x400.jpg 400w, https:\/\/sertv.gob.pa\/nacionalfm\/wp-content\/uploads\/sites\/6\/2024\/08\/ALAIN-DELON-6-600x600.jpg 600w, https:\/\/sertv.gob.pa\/nacionalfm\/wp-content\/uploads\/sites\/6\/2024\/08\/ALAIN-DELON-6.jpg 612w\" sizes=\"(min-width: 2200px) 100vw, (min-width: 784px) 363px, (min-width: 712px) 545px, (min-width: 640px) 712px, \" \/><\/a><\/div><\/div><\/div><\/div><\/div><\/div><\/div><\/div>\n","protected":false},"excerpt":{"rendered":"","protected":false},"author":9,"featured_media":97952,"comment_status":"closed","ping_status":"closed","sticky":false,"template":"","format":"standard","meta":{"footnotes":""},"categories":[3],"tags":[],"class_list":["post-97951","post","type-post","status-publish","format-standard","has-post-thumbnail","hentry","category-internacionales"],"_links":{"self":[{"href":"https:\/\/sertv.gob.pa\/nacionalfm\/wp-json\/wp\/v2\/posts\/97951","targetHints":{"allow":["GET"]}}],"collection":[{"href":"https:\/\/sertv.gob.pa\/nacionalfm\/wp-json\/wp\/v2\/posts"}],"about":[{"href":"https:\/\/sertv.gob.pa\/nacionalfm\/wp-json\/wp\/v2\/types\/post"}],"author":[{"embeddable":true,"href":"https:\/\/sertv.gob.pa\/nacionalfm\/wp-json\/wp\/v2\/users\/9"}],"replies":[{"embeddable":true,"href":"https:\/\/sertv.gob.pa\/nacionalfm\/wp-json\/wp\/v2\/comments?post=97951"}],"version-history":[{"count":1,"href":"https:\/\/sertv.gob.pa\/nacionalfm\/wp-json\/wp\/v2\/posts\/97951\/revisions"}],"predecessor-version":[{"id":97958,"href":"https:\/\/sertv.gob.pa\/nacionalfm\/wp-json\/wp\/v2\/posts\/97951\/revisions\/97958"}],"wp:featuredmedia":[{"embeddable":true,"href":"https:\/\/sertv.gob.pa\/nacionalfm\/wp-json\/wp\/v2\/media\/97952"}],"wp:attachment":[{"href":"https:\/\/sertv.gob.pa\/nacionalfm\/wp-json\/wp\/v2\/media?parent=97951"}],"wp:term":[{"taxonomy":"category","embeddable":true,"href":"https:\/\/sertv.gob.pa\/nacionalfm\/wp-json\/wp\/v2\/categories?post=97951"},{"taxonomy":"post_tag","embeddable":true,"href":"https:\/\/sertv.gob.pa\/nacionalfm\/wp-json\/wp\/v2\/tags?post=97951"}],"curies":[{"name":"wp","href":"https:\/\/api.w.org\/{rel}","templated":true}]}}