{"id":9797,"date":"2016-01-05T18:37:12","date_gmt":"2016-01-05T18:37:12","guid":{"rendered":""},"modified":"2016-01-05T18:37:12","modified_gmt":"2016-01-05T18:37:12","slug":"cigarrillos-electronicos-podran-ser-hoy-dia-una-prescripcion-medica","status":"publish","type":"post","link":"https:\/\/sertv.gob.pa\/nacionalfm\/cigarrillos-electronicos-podran-ser-hoy-dia-una-prescripcion-medica\/","title":{"rendered":"Cigarrillos electr\u00f3nicos podr\u00e1n ser hoy d\u00eda una prescripci\u00f3n m\u00e9dica"},"content":{"rendered":"<p>\nLa agencia que regula el uso de f\u00e1rmacos en el Reino Unido dio su visto bueno para etiquetar un modelo de cigarrillo electr\u00f3nico como producto para dejar de fumar, lo que abre la puerta a que los m\u00e9dicos brit\u00e1nicos lo prescriban como medicina. <\/p>\n<p>La Agencia Reguladora de Medicamentos y Productos Sanitarios brit\u00e1nica (MHRA, en ingl\u00e9s) ha otorgado a la compa\u00f1\u00eda British American Tobacco licencia para vender el cigarrillo e-Voke como una ayuda terap\u00e9utica para superar el tabaquismo. <\/p>\n<p>&lsquo;Queremos asegurarnos de que los productos legales que contienen nicotina &mdash;incluidos los cigarrillos electr\u00f3nicos&mdash; que reivindican un papel medicinal cumplen los est\u00e1ndares adecuados en cuanto a seguridad, calidad y eficacia para ayudar a reducir los da\u00f1os que produce fumar&#8217;, indic\u00f3 la agencia en un comunicado. <\/p>\n<p>El director del \u00e1rea de Salud y Bienestar del servicio p\u00fablico de salud ingl\u00e9s (PHE), Kevin Fenton, afirm\u00f3 a la BBC que los cigarrillos electr\u00f3nicos se han convertido en el m\u00e9todo m\u00e1s popular para dejar de fumar en el Reino Unido. <\/p>\n<p>Seg\u00fan los datos publicados en abril de 2015 por el PHE, dos tercios de las personas que usaron cigarrillos electr\u00f3nicos en combinaci\u00f3n con las ayudas que proporciona la sanidad p\u00fablica lograron abandonar el h\u00e1bito. <\/p>\n<p>El vicepresidente del colegio brit\u00e1nico de m\u00e9dicos de cabecera, Tim Ballard, indic\u00f3 por su parte que a\u00fan no est\u00e1 demostrado que el consumo de esa clase de cigarrillos sea un m\u00e9todo eficaz para dejar de fumar. <\/p>\n<p>&lsquo;Potencialmente, quiz\u00e1s se podr\u00eda prescribir el e-Voke como parte de un programa para abandonar el tabaquismo, pero los m\u00e9dicos deben ser muy cautelosos a la hora de recetarlo hasta que existan evidencias claras sobre su seguridad y su eficacia&#8217;, afirm\u00f3. <\/p>\n<p>\u00a0 <\/p>\n","protected":false},"excerpt":{"rendered":"<p>La agencia que regula el uso de f\u00e1rmacos en el <a href=\"https:\/\/sertv.gob.pa\/nacionalfm\/cigarrillos-electronicos-podran-ser-hoy-dia-una-prescripcion-medica\/\"> [&#8230;]<\/a><\/p>\n","protected":false},"author":1,"featured_media":9798,"comment_status":"closed","ping_status":"closed","sticky":false,"template":"","format":"standard","meta":{"footnotes":""},"categories":[5],"tags":[],"class_list":["post-9797","post","type-post","status-publish","format-standard","has-post-thumbnail","hentry","category-salud"],"_links":{"self":[{"href":"https:\/\/sertv.gob.pa\/nacionalfm\/wp-json\/wp\/v2\/posts\/9797","targetHints":{"allow":["GET"]}}],"collection":[{"href":"https:\/\/sertv.gob.pa\/nacionalfm\/wp-json\/wp\/v2\/posts"}],"about":[{"href":"https:\/\/sertv.gob.pa\/nacionalfm\/wp-json\/wp\/v2\/types\/post"}],"author":[{"embeddable":true,"href":"https:\/\/sertv.gob.pa\/nacionalfm\/wp-json\/wp\/v2\/users\/1"}],"replies":[{"embeddable":true,"href":"https:\/\/sertv.gob.pa\/nacionalfm\/wp-json\/wp\/v2\/comments?post=9797"}],"version-history":[{"count":0,"href":"https:\/\/sertv.gob.pa\/nacionalfm\/wp-json\/wp\/v2\/posts\/9797\/revisions"}],"wp:featuredmedia":[{"embeddable":true,"href":"https:\/\/sertv.gob.pa\/nacionalfm\/wp-json\/wp\/v2\/media\/9798"}],"wp:attachment":[{"href":"https:\/\/sertv.gob.pa\/nacionalfm\/wp-json\/wp\/v2\/media?parent=9797"}],"wp:term":[{"taxonomy":"category","embeddable":true,"href":"https:\/\/sertv.gob.pa\/nacionalfm\/wp-json\/wp\/v2\/categories?post=9797"},{"taxonomy":"post_tag","embeddable":true,"href":"https:\/\/sertv.gob.pa\/nacionalfm\/wp-json\/wp\/v2\/tags?post=9797"}],"curies":[{"name":"wp","href":"https:\/\/api.w.org\/{rel}","templated":true}]}}