{"id":98001,"date":"2024-08-20T11:47:02","date_gmt":"2024-08-20T16:47:02","guid":{"rendered":"https:\/\/sertv.gob.pa\/nacionalfm\/?p=98001"},"modified":"2024-08-20T11:47:02","modified_gmt":"2024-08-20T16:47:02","slug":"la-tregua-en-gaza-sera-temporal-e-israel-no-se-ira-de-la-divisoria-con-egipto-dice-netanyahu","status":"publish","type":"post","link":"https:\/\/sertv.gob.pa\/nacionalfm\/la-tregua-en-gaza-sera-temporal-e-israel-no-se-ira-de-la-divisoria-con-egipto-dice-netanyahu\/","title":{"rendered":"La tregua en Gaza ser\u00e1 temporal e Israel no se ir\u00e1 de la divisoria con Egipto, dice Netanyahu"},"content":{"rendered":"<p><strong><em>\u00a0Jerusal\u00e9n, (EFE).- <\/em><\/strong><em>El primer ministro israel\u00ed, Benjam\u00edn Netanyahu, asegur\u00f3 en una reuni\u00f3n con familiares de secuestrados de grupos de ultraderecha que si hay un acuerdo de tregua en Gaza ser\u00e1 temporal y que Israel no abandonar\u00e1, como demanda Ham\u00e1s, el control militar del corredor Filadelfia, la divisoria con Egipto, incluso si le cuesta la liberaci\u00f3n de rehenes.<\/p>\n<p>\u201cEl primer ministro (Benjam\u00edn Netanyahu) habl\u00f3 de un alto el fuego temporal, con el fin de repatriar a los rehenes que todos queremos, pero no habl\u00f3 de la retirada o reducci\u00f3n de fuerzas de la Franja de Gaza\u201d, indic\u00f3 en X el grupo Gevurah.<\/p>\n<p>Netanyahu se reuni\u00f3 con representantes de los grupos minoritarios Gevurah y Tikva, compuestos por familias ultranacionalistas de secuestrados y soldados muertos en Gaza, que abogan por la presi\u00f3n militar antes que un acuerdo negociado, frente al Foro de Familias de Rehenes, que aglutina a la mayor\u00eda de los seres queridos de los 105 cautivos que permanecen en el enclave.<\/em><\/p>\n<p><em>\u00a0<\/em><\/p>\n<p><strong><em>El principal objetivo de Israel es terminar con Ham\u00e1s<\/em><\/strong><\/p>\n<p><em>El mandatario israel\u00ed confirm\u00f3 que, si bien liberar al m\u00e1ximo n\u00famero de rehenes es un objetivo de la guerra, el principal sigue siendo la eliminaci\u00f3n de Ham\u00e1s y \u201clograr la victoria\u201d, por lo que Israel no puede entregar ninguno de sus \u201cactivos estrat\u00e9gicos de seguridad\u201d; en una alusi\u00f3n al control militar que ahora mantiene del cruce de Rafah, el corredor de Filadelfia y el de Netzarim.<\/p>\n<p>Israel quiere mantener el control del corredor Filadelfia, porosa frontera entre la Franja y Egipto que Ham\u00e1s usaba para el contrabando de armas, hasta que las tropas israel\u00edes lograron su control el pasado junio. En \u00e9l est\u00e1 el cruce de Rafah, principal puerta de entrada de ayuda humanitaria desde el Sina\u00ed hasta mayo, cuando el Ej\u00e9rcito ocup\u00f3 su lado palestino y lo cerr\u00f3.<\/p>\n<p>El corredor Netzarim es una nueva ruta militar creada por Israel durante la guerra que parte la Franja en dos mitades por el centro.<\/em><\/p>\n","protected":false},"excerpt":{"rendered":"<p>\u00a0Jerusal\u00e9n, (EFE).- El primer ministro israel\u00ed, Benjam\u00edn Netanyahu, asegur\u00f3 en <a href=\"https:\/\/sertv.gob.pa\/nacionalfm\/la-tregua-en-gaza-sera-temporal-e-israel-no-se-ira-de-la-divisoria-con-egipto-dice-netanyahu\/\"> [&#8230;]<\/a><\/p>\n","protected":false},"author":9,"featured_media":98002,"comment_status":"closed","ping_status":"closed","sticky":false,"template":"","format":"standard","meta":{"footnotes":""},"categories":[3],"tags":[],"class_list":["post-98001","post","type-post","status-publish","format-standard","has-post-thumbnail","hentry","category-internacionales"],"_links":{"self":[{"href":"https:\/\/sertv.gob.pa\/nacionalfm\/wp-json\/wp\/v2\/posts\/98001","targetHints":{"allow":["GET"]}}],"collection":[{"href":"https:\/\/sertv.gob.pa\/nacionalfm\/wp-json\/wp\/v2\/posts"}],"about":[{"href":"https:\/\/sertv.gob.pa\/nacionalfm\/wp-json\/wp\/v2\/types\/post"}],"author":[{"embeddable":true,"href":"https:\/\/sertv.gob.pa\/nacionalfm\/wp-json\/wp\/v2\/users\/9"}],"replies":[{"embeddable":true,"href":"https:\/\/sertv.gob.pa\/nacionalfm\/wp-json\/wp\/v2\/comments?post=98001"}],"version-history":[{"count":1,"href":"https:\/\/sertv.gob.pa\/nacionalfm\/wp-json\/wp\/v2\/posts\/98001\/revisions"}],"predecessor-version":[{"id":98003,"href":"https:\/\/sertv.gob.pa\/nacionalfm\/wp-json\/wp\/v2\/posts\/98001\/revisions\/98003"}],"wp:featuredmedia":[{"embeddable":true,"href":"https:\/\/sertv.gob.pa\/nacionalfm\/wp-json\/wp\/v2\/media\/98002"}],"wp:attachment":[{"href":"https:\/\/sertv.gob.pa\/nacionalfm\/wp-json\/wp\/v2\/media?parent=98001"}],"wp:term":[{"taxonomy":"category","embeddable":true,"href":"https:\/\/sertv.gob.pa\/nacionalfm\/wp-json\/wp\/v2\/categories?post=98001"},{"taxonomy":"post_tag","embeddable":true,"href":"https:\/\/sertv.gob.pa\/nacionalfm\/wp-json\/wp\/v2\/tags?post=98001"}],"curies":[{"name":"wp","href":"https:\/\/api.w.org\/{rel}","templated":true}]}}