{"id":9819,"date":"2016-01-06T16:16:59","date_gmt":"2016-01-06T16:16:59","guid":{"rendered":""},"modified":"2016-01-06T16:16:59","modified_gmt":"2016-01-06T16:16:59","slug":"en-nicaragua-inician-campana-contra-el-dengue-y-chikungunya","status":"publish","type":"post","link":"https:\/\/sertv.gob.pa\/nacionalfm\/en-nicaragua-inician-campana-contra-el-dengue-y-chikungunya\/","title":{"rendered":"En Nicaragua inician campa\u00f1a contra el dengue y chikungunya"},"content":{"rendered":"<p>\nEl Ministerio de Salud (Minsa) anunci\u00f3 una jornada de fumigaci\u00f3n en Managua como parte de una campa\u00f1a para enfrentar el dengue y el chikungunya en Nicaragua. <\/p>\n<p>La jornada empez\u00f3 ayer en barrios populosos del Distrito Cinco de Managua, como el Jorge Dimitrov y La Luz, expresaron representantes del Minsa, a trav\u00e9s de medios del Gobierno. <\/p>\n<p>En los primeros cuatro d\u00edas del a\u00f1o fueron fumigadas y abatizadas un total de 4 mil viviendas, para eliminar al mosquito aedes aegypti, que transmite el virus del dengue y el chikungunya. <\/p>\n<p>Nicaragua cerr\u00f3 el a\u00f1o pasado con 14 v\u00edctimas mortales a causa de dengue. En este mismo periodo fallecieron dos pacientes producto del virus del chikungunya, incluyendo una ni\u00f1a de seis a\u00f1os de edad que sufri\u00f3 ambos virus, seg\u00fan detallan los datos oficiales. <\/p>\n<p>En el mismo documento se establece que fueron reportados un total de 3 mil 719 casos de dengue y 5 mil 293 de chikungunya en el pa\u00eds centroamericano en 2015. <\/p>\n<p>\u00a0 <\/p>\n","protected":false},"excerpt":{"rendered":"<p>El Ministerio de Salud (Minsa) anunci\u00f3 una jornada de fumigaci\u00f3n <a href=\"https:\/\/sertv.gob.pa\/nacionalfm\/en-nicaragua-inician-campana-contra-el-dengue-y-chikungunya\/\"> [&#8230;]<\/a><\/p>\n","protected":false},"author":1,"featured_media":9820,"comment_status":"closed","ping_status":"closed","sticky":false,"template":"","format":"standard","meta":{"footnotes":""},"categories":[5],"tags":[],"class_list":["post-9819","post","type-post","status-publish","format-standard","has-post-thumbnail","hentry","category-salud"],"_links":{"self":[{"href":"https:\/\/sertv.gob.pa\/nacionalfm\/wp-json\/wp\/v2\/posts\/9819","targetHints":{"allow":["GET"]}}],"collection":[{"href":"https:\/\/sertv.gob.pa\/nacionalfm\/wp-json\/wp\/v2\/posts"}],"about":[{"href":"https:\/\/sertv.gob.pa\/nacionalfm\/wp-json\/wp\/v2\/types\/post"}],"author":[{"embeddable":true,"href":"https:\/\/sertv.gob.pa\/nacionalfm\/wp-json\/wp\/v2\/users\/1"}],"replies":[{"embeddable":true,"href":"https:\/\/sertv.gob.pa\/nacionalfm\/wp-json\/wp\/v2\/comments?post=9819"}],"version-history":[{"count":0,"href":"https:\/\/sertv.gob.pa\/nacionalfm\/wp-json\/wp\/v2\/posts\/9819\/revisions"}],"wp:featuredmedia":[{"embeddable":true,"href":"https:\/\/sertv.gob.pa\/nacionalfm\/wp-json\/wp\/v2\/media\/9820"}],"wp:attachment":[{"href":"https:\/\/sertv.gob.pa\/nacionalfm\/wp-json\/wp\/v2\/media?parent=9819"}],"wp:term":[{"taxonomy":"category","embeddable":true,"href":"https:\/\/sertv.gob.pa\/nacionalfm\/wp-json\/wp\/v2\/categories?post=9819"},{"taxonomy":"post_tag","embeddable":true,"href":"https:\/\/sertv.gob.pa\/nacionalfm\/wp-json\/wp\/v2\/tags?post=9819"}],"curies":[{"name":"wp","href":"https:\/\/api.w.org\/{rel}","templated":true}]}}