{"id":9821,"date":"2016-01-06T16:22:35","date_gmt":"2016-01-06T16:22:35","guid":{"rendered":""},"modified":"2016-01-06T16:22:35","modified_gmt":"2016-01-06T16:22:35","slug":"el-virus-del-zika-un-riesgo-durante-el-embarazo","status":"publish","type":"post","link":"https:\/\/sertv.gob.pa\/nacionalfm\/el-virus-del-zika-un-riesgo-durante-el-embarazo\/","title":{"rendered":"El virus del Zika, un riesgo durante el embarazo"},"content":{"rendered":"<p>\nEl virus del Zika, una enfermedad con s\u00edntomas parecidos al dengue y transmitida por el mismo mosquito (Aedes Aegypti), ha sido reportado desde noviembre en la comarca Guna Yala en Panam\u00e1. A pesar de estar relativamente confinado, de momento, a algunas islas de la comarca, otros pa\u00edses de la regi\u00f3n han sido menos afortunados. <\/p>\n<p>El caso m\u00e1s notorio es el de Brasil, cuyas autoridades est\u00e1n investigando miles de casos sospechados de microcefalia (malformaci\u00f3n cong\u00e9nita en la cual la cabeza de una persona es mucho m\u00e1s peque\u00f1a de lo normal) en beb\u00e9s nacidos de madres infectadas con el virus durante su embarazo. <\/p>\n<p>La gravedad de la situaci\u00f3n ha sido tal que seis estados del pa\u00eds se declararon en emergencia de salud p\u00fablica. Y es que, seg\u00fan report\u00f3 un art\u00edculo del New York Times la semana pasada, m\u00e1s de 2 mil 700 beb\u00e9s nacieron con microcefalia en Brasil en 2015, en comparaci\u00f3n con los menos de 150 casos en el 2014. <\/p>\n<p>A pesar de que el aumento se ha asociado tentativamente a la aparici\u00f3n y proliferaci\u00f3n del Zika en el pa\u00eds, algunos sostienen que el v\u00ednculo no es claro. As\u00ed lo establece un reporte de Medical News Today : &lsquo;Actualmente no existe evidencia de que el Zika ocasione microcefalia&#8217;. Sin embargo, el art\u00edculo a\u00f1ade que Brasil ha estado investigando esta correlaci\u00f3n desde octubre de 2015, cuando el Ministerio de Salud del pa\u00eds report\u00f3 un incrmento inusual en los casos de microcefalia en neonatos, luego de que se diera un brote del virus. <\/p>\n<p>&lsquo;A la mayor\u00eda de los pacientes les va bien&#8230; es hasta m\u00e1s leve que el dengue&#8217;, precisa el Dr. Nestor Sosa, director del Instituto Conmemorativo Gorgas de Estudios de la Salud. &lsquo;Sin embargo&#8230; si est\u00e1s en el primer trimestre de embarazo, corres el riesgo de microcefalia&#8217;. El m\u00e9dico destaca que si una mujer embarazada presenta un cuadro febril hay que diagnosticarla, ya que por los s\u00edntomas podr\u00eda confundirse con dengue, siendo Zika. <\/p>\n<p>\u00a0 <\/p>\n<p>\u00a0 <\/p>\n","protected":false},"excerpt":{"rendered":"<p>El virus del Zika, una enfermedad con s\u00edntomas parecidos al <a href=\"https:\/\/sertv.gob.pa\/nacionalfm\/el-virus-del-zika-un-riesgo-durante-el-embarazo\/\"> [&#8230;]<\/a><\/p>\n","protected":false},"author":1,"featured_media":9822,"comment_status":"closed","ping_status":"closed","sticky":false,"template":"","format":"standard","meta":{"footnotes":""},"categories":[5],"tags":[],"class_list":["post-9821","post","type-post","status-publish","format-standard","has-post-thumbnail","hentry","category-salud"],"_links":{"self":[{"href":"https:\/\/sertv.gob.pa\/nacionalfm\/wp-json\/wp\/v2\/posts\/9821","targetHints":{"allow":["GET"]}}],"collection":[{"href":"https:\/\/sertv.gob.pa\/nacionalfm\/wp-json\/wp\/v2\/posts"}],"about":[{"href":"https:\/\/sertv.gob.pa\/nacionalfm\/wp-json\/wp\/v2\/types\/post"}],"author":[{"embeddable":true,"href":"https:\/\/sertv.gob.pa\/nacionalfm\/wp-json\/wp\/v2\/users\/1"}],"replies":[{"embeddable":true,"href":"https:\/\/sertv.gob.pa\/nacionalfm\/wp-json\/wp\/v2\/comments?post=9821"}],"version-history":[{"count":0,"href":"https:\/\/sertv.gob.pa\/nacionalfm\/wp-json\/wp\/v2\/posts\/9821\/revisions"}],"wp:featuredmedia":[{"embeddable":true,"href":"https:\/\/sertv.gob.pa\/nacionalfm\/wp-json\/wp\/v2\/media\/9822"}],"wp:attachment":[{"href":"https:\/\/sertv.gob.pa\/nacionalfm\/wp-json\/wp\/v2\/media?parent=9821"}],"wp:term":[{"taxonomy":"category","embeddable":true,"href":"https:\/\/sertv.gob.pa\/nacionalfm\/wp-json\/wp\/v2\/categories?post=9821"},{"taxonomy":"post_tag","embeddable":true,"href":"https:\/\/sertv.gob.pa\/nacionalfm\/wp-json\/wp\/v2\/tags?post=9821"}],"curies":[{"name":"wp","href":"https:\/\/api.w.org\/{rel}","templated":true}]}}