{"id":983,"date":"2014-08-12T05:00:00","date_gmt":"2014-08-12T05:00:00","guid":{"rendered":""},"modified":"2014-08-12T05:00:00","modified_gmt":"2014-08-12T05:00:00","slug":"descubren-mecanismo-responsable-del-cancer-de-ovario","status":"publish","type":"post","link":"https:\/\/sertv.gob.pa\/nacionalfm\/descubren-mecanismo-responsable-del-cancer-de-ovario\/","title":{"rendered":"Descubren mecanismo responsable del c\u00e1ncer de ovario"},"content":{"rendered":"<p>\nUn equipo de investigadores portugueses del Instituto de Medicina Molecular de la Universidad de Lisboa ha descubierto el mecanismo responsable de la propagaci\u00f3n de c\u00e9lulas cancer\u00edgenas en los ovarios, la s\u00e9ptima causa de decesos m\u00e1s frecuente entre las mujeres. <\/p>\n<p>Esta investigaci\u00f3n identifica un eje compuesto por c\u00e9lulas, interleucina-17 (prote\u00edna producida por c\u00e9lulas T) y peque\u00f1os macr\u00f3fagos peritoneales (c\u00e9lulas de gran dimensi\u00f3n presentes en el tejido conjuntivo), que contribuye al desarrollo del tumor en los ovarios. <\/p>\n<p>El hallazgo representa un paso muy importante en la lucha contra esta clase de c\u00e1ncer, uno de los m\u00e1s peligrosos, considerado el sexto m\u00e1s frecuente entre las mujeres. <\/p>\n<p>Este tipo de c\u00e1ncer, que afecta mayoritariamente a mujeres en la menopausia, es conocido como el \u00abenemigo silencioso\u00bb, porque pr\u00e1cticamente no presenta s\u00edntomas durante la fase inicial y alrededor del 75% de los diagn\u00f3sticos se dan en estados avanzados. <\/p>\n<p>Es un tumor que se extiende a otras partes del cuerpo lo que, unido a su detecci\u00f3n tard\u00eda, aumenta la tasa de mortalidad.\u00a0 @nacionalFm <\/p>\n","protected":false},"excerpt":{"rendered":"<p>Un equipo de investigadores portugueses del Instituto de Medicina Molecular <a href=\"https:\/\/sertv.gob.pa\/nacionalfm\/descubren-mecanismo-responsable-del-cancer-de-ovario\/\"> [&#8230;]<\/a><\/p>\n","protected":false},"author":1,"featured_media":984,"comment_status":"closed","ping_status":"closed","sticky":false,"template":"","format":"standard","meta":{"footnotes":""},"categories":[5],"tags":[],"class_list":["post-983","post","type-post","status-publish","format-standard","has-post-thumbnail","hentry","category-salud"],"_links":{"self":[{"href":"https:\/\/sertv.gob.pa\/nacionalfm\/wp-json\/wp\/v2\/posts\/983","targetHints":{"allow":["GET"]}}],"collection":[{"href":"https:\/\/sertv.gob.pa\/nacionalfm\/wp-json\/wp\/v2\/posts"}],"about":[{"href":"https:\/\/sertv.gob.pa\/nacionalfm\/wp-json\/wp\/v2\/types\/post"}],"author":[{"embeddable":true,"href":"https:\/\/sertv.gob.pa\/nacionalfm\/wp-json\/wp\/v2\/users\/1"}],"replies":[{"embeddable":true,"href":"https:\/\/sertv.gob.pa\/nacionalfm\/wp-json\/wp\/v2\/comments?post=983"}],"version-history":[{"count":0,"href":"https:\/\/sertv.gob.pa\/nacionalfm\/wp-json\/wp\/v2\/posts\/983\/revisions"}],"wp:featuredmedia":[{"embeddable":true,"href":"https:\/\/sertv.gob.pa\/nacionalfm\/wp-json\/wp\/v2\/media\/984"}],"wp:attachment":[{"href":"https:\/\/sertv.gob.pa\/nacionalfm\/wp-json\/wp\/v2\/media?parent=983"}],"wp:term":[{"taxonomy":"category","embeddable":true,"href":"https:\/\/sertv.gob.pa\/nacionalfm\/wp-json\/wp\/v2\/categories?post=983"},{"taxonomy":"post_tag","embeddable":true,"href":"https:\/\/sertv.gob.pa\/nacionalfm\/wp-json\/wp\/v2\/tags?post=983"}],"curies":[{"name":"wp","href":"https:\/\/api.w.org\/{rel}","templated":true}]}}