{"id":9853,"date":"2016-01-07T18:28:58","date_gmt":"2016-01-07T18:28:58","guid":{"rendered":""},"modified":"2016-01-07T18:28:58","modified_gmt":"2016-01-07T18:28:58","slug":"en-santa-lucia-advierten-contra-mezcla-de-marihuana-y-tabaco","status":"publish","type":"post","link":"https:\/\/sertv.gob.pa\/nacionalfm\/en-santa-lucia-advierten-contra-mezcla-de-marihuana-y-tabaco\/","title":{"rendered":"En Santa Luc\u00eda advierten contra mezcla de marihuana y tabaco"},"content":{"rendered":"<p>\nEl Ministerio de Salud de la isla Santa Luc\u00eda solicit\u00f3 que no se fume marihuana y tabaco simult\u00e1neamente, ya que esa pr\u00e1ctica puede ocasionar la enfermedad pulmonar obstructiva cr\u00f3nica (EPOC, por su sigla en ingl\u00e9s), cuyo tratamiento tiene un gran costo para el Estado. <\/p>\n<p>La agencia gubernamental inform\u00f3 en un comunicado que desde hace 10 a\u00f1os el consumo combinado de estas drogas crece entre los j\u00f3venes y que, como resultado, cada vez son m\u00e1s los pacientes que desarrollan EPOC en el pa\u00eds caribe\u00f1o. <\/p>\n<p>La EPOC es considerada la cuarta causa de fallecimiento en el mundo y est\u00e1 muy ligada al tabaquismo, enfermedad que suele incluir como afecciones la bronquitis cr\u00f3nica y la enfisema (destrucci\u00f3n del tejido pulmonar). <\/p>\n<p>Seg\u00fan Lisa Charles, directora m\u00e9dica de Victoria Hospital &mdash;el principal centro m\u00e9dico de la isla&mdash; en la capital Castries, los pacientes que sufren EPOC necesitan respiraci\u00f3n asistida las 24 horas. <\/p>\n<p>Charles recalc\u00f3 que el tratamiento de la enfermedad es asumido por el Gobierno, por lo que pidi\u00f3 mayor concienciaci\u00f3n a los ciudadanos. <\/p>\n<p>Actualmente, el Victoria Hospital atiende a 12 pacientes de EPOC al d\u00eda sin recursos. <\/p>\n<p>&lsquo;Tenemos pacientes que han vivido en el hospital durante varios meses porque no pueden cuidar de s\u00ed mismos en sus casas y no tienen otra opci\u00f3n&#8230; porque necesitan ox\u00edgeno de forma continuada&#8217;,\u00a0 expres\u00f3 Charles. <\/p>\n<p>\u00a0 <\/p>\n","protected":false},"excerpt":{"rendered":"<p>El Ministerio de Salud de la isla Santa Luc\u00eda solicit\u00f3 <a href=\"https:\/\/sertv.gob.pa\/nacionalfm\/en-santa-lucia-advierten-contra-mezcla-de-marihuana-y-tabaco\/\"> [&#8230;]<\/a><\/p>\n","protected":false},"author":1,"featured_media":9854,"comment_status":"closed","ping_status":"closed","sticky":false,"template":"","format":"standard","meta":{"footnotes":""},"categories":[5],"tags":[],"class_list":["post-9853","post","type-post","status-publish","format-standard","has-post-thumbnail","hentry","category-salud"],"_links":{"self":[{"href":"https:\/\/sertv.gob.pa\/nacionalfm\/wp-json\/wp\/v2\/posts\/9853","targetHints":{"allow":["GET"]}}],"collection":[{"href":"https:\/\/sertv.gob.pa\/nacionalfm\/wp-json\/wp\/v2\/posts"}],"about":[{"href":"https:\/\/sertv.gob.pa\/nacionalfm\/wp-json\/wp\/v2\/types\/post"}],"author":[{"embeddable":true,"href":"https:\/\/sertv.gob.pa\/nacionalfm\/wp-json\/wp\/v2\/users\/1"}],"replies":[{"embeddable":true,"href":"https:\/\/sertv.gob.pa\/nacionalfm\/wp-json\/wp\/v2\/comments?post=9853"}],"version-history":[{"count":0,"href":"https:\/\/sertv.gob.pa\/nacionalfm\/wp-json\/wp\/v2\/posts\/9853\/revisions"}],"wp:featuredmedia":[{"embeddable":true,"href":"https:\/\/sertv.gob.pa\/nacionalfm\/wp-json\/wp\/v2\/media\/9854"}],"wp:attachment":[{"href":"https:\/\/sertv.gob.pa\/nacionalfm\/wp-json\/wp\/v2\/media?parent=9853"}],"wp:term":[{"taxonomy":"category","embeddable":true,"href":"https:\/\/sertv.gob.pa\/nacionalfm\/wp-json\/wp\/v2\/categories?post=9853"},{"taxonomy":"post_tag","embeddable":true,"href":"https:\/\/sertv.gob.pa\/nacionalfm\/wp-json\/wp\/v2\/tags?post=9853"}],"curies":[{"name":"wp","href":"https:\/\/api.w.org\/{rel}","templated":true}]}}