{"id":987,"date":"2014-08-12T05:00:00","date_gmt":"2014-08-12T05:00:00","guid":{"rendered":""},"modified":"2014-08-12T05:00:00","modified_gmt":"2014-08-12T05:00:00","slug":"actores-musicos-o-escritores-estan-mas-expuestos-a-depresion-y-adicciones","status":"publish","type":"post","link":"https:\/\/sertv.gob.pa\/nacionalfm\/actores-musicos-o-escritores-estan-mas-expuestos-a-depresion-y-adicciones\/","title":{"rendered":"Actores, m\u00fasicos, escritores est\u00e1n m\u00e1s expuestos a las adicciones"},"content":{"rendered":"<p>\nLa celebridad y la riqueza no cambian gran cosa: actores, m\u00fasicos o escritores est\u00e1n m\u00e1s expuestos a la depresi\u00f3n y las adicciones, como el actor norteamericano Robin Williams, fallecido el lunes, que el com\u00fan de los mortales, seg\u00fan expertos consultados por AFP. <\/p>\n<p>Artistas como Jim Carrey, Catherine Zeta-Jones, Mel Gibson o Demi Lovato evocaron en p\u00fablico recientemente su depresi\u00f3n asociada o no a las drogas o el alcohol. Philip Seymour Hoffman hab\u00eda admitido problemas de adicci\u00f3n que terminaron por costarle la vida en febrero pasado. <\/p>\n<p>Seg\u00fan la Organizaci\u00f3n Mundial de la Salud (OMS), m\u00e1s de 350 millones de personas de todas las edades sufren de depresi\u00f3n en el mundo. \u00abEn su forma m\u00e1s severa, puede conducir al suicidio\u00bb, seg\u00fan la OMS, que habla de una estimaci\u00f3n de \u00abun mill\u00f3n de muertos por a\u00f1o\u00bb. <\/p>\n<p>La encargada de prensa de Robin Williams, Mara Buxbaum, explic\u00f3 que el h\u00e9roe de \u00abGood morning Vietnam\u00bb, \u00abMrs Doubtfire\u00bb, \u00abWill Hunting\u00bb o \u00abEl c\u00edrculo de los poetas muertos\u00bb padec\u00eda \u00faltimamente una \u00absevera depresi\u00f3n\u00bb.\u00a0Seg\u00fan la polic\u00eda, la causa probable de su fallecimiento es \u00abun suicidio por asfixia\u00bb. <\/p>\n<p>Para el profesor Michel Reynaud, jefe del departamento de psiquiatr\u00eda y adictolog\u00eda del hospital Paul Brousse (Villejuif, afueras de Par\u00eds), existe un v\u00ednculo entre talento creativo, depresi\u00f3n y adicciones. <\/p>\n<p>\u00abLos artistas son a menudo gente m\u00e1s sensible, que siente m\u00e1s fuerte las emociones. Eso genera en general escritores, poetas, m\u00fasicos, actores de gran calidad, aunque detr\u00e1s hay a menudo personas ansiosas, deprimidas, angustiadas o bipolares\u00bb, comenta. <\/p>\n<p>Abundancia de drogas y alcohol coinciden a menudo en el entorno hedonista, festivo y adinerado de los artistas famosos. A ello hay que agregar la presi\u00f3n del \u00e9xito sobre los actores que viven \u00aben una especie de exaltaci\u00f3n narcisista\u00bb. \u00abDicen a menudo que se juegan la vida y su narcisismo en cada pel\u00edcula\u00bb.\u00a0 @nacionalFm <\/p>\n","protected":false},"excerpt":{"rendered":"<p>La celebridad y la riqueza no cambian gran cosa: actores, <a href=\"https:\/\/sertv.gob.pa\/nacionalfm\/actores-musicos-o-escritores-estan-mas-expuestos-a-depresion-y-adicciones\/\"> [&#8230;]<\/a><\/p>\n","protected":false},"author":1,"featured_media":988,"comment_status":"closed","ping_status":"closed","sticky":false,"template":"","format":"standard","meta":{"footnotes":""},"categories":[5],"tags":[],"class_list":["post-987","post","type-post","status-publish","format-standard","has-post-thumbnail","hentry","category-salud"],"_links":{"self":[{"href":"https:\/\/sertv.gob.pa\/nacionalfm\/wp-json\/wp\/v2\/posts\/987","targetHints":{"allow":["GET"]}}],"collection":[{"href":"https:\/\/sertv.gob.pa\/nacionalfm\/wp-json\/wp\/v2\/posts"}],"about":[{"href":"https:\/\/sertv.gob.pa\/nacionalfm\/wp-json\/wp\/v2\/types\/post"}],"author":[{"embeddable":true,"href":"https:\/\/sertv.gob.pa\/nacionalfm\/wp-json\/wp\/v2\/users\/1"}],"replies":[{"embeddable":true,"href":"https:\/\/sertv.gob.pa\/nacionalfm\/wp-json\/wp\/v2\/comments?post=987"}],"version-history":[{"count":0,"href":"https:\/\/sertv.gob.pa\/nacionalfm\/wp-json\/wp\/v2\/posts\/987\/revisions"}],"wp:featuredmedia":[{"embeddable":true,"href":"https:\/\/sertv.gob.pa\/nacionalfm\/wp-json\/wp\/v2\/media\/988"}],"wp:attachment":[{"href":"https:\/\/sertv.gob.pa\/nacionalfm\/wp-json\/wp\/v2\/media?parent=987"}],"wp:term":[{"taxonomy":"category","embeddable":true,"href":"https:\/\/sertv.gob.pa\/nacionalfm\/wp-json\/wp\/v2\/categories?post=987"},{"taxonomy":"post_tag","embeddable":true,"href":"https:\/\/sertv.gob.pa\/nacionalfm\/wp-json\/wp\/v2\/tags?post=987"}],"curies":[{"name":"wp","href":"https:\/\/api.w.org\/{rel}","templated":true}]}}