{"id":9871,"date":"2016-01-08T18:43:58","date_gmt":"2016-01-08T18:43:58","guid":{"rendered":""},"modified":"2016-01-08T18:43:58","modified_gmt":"2016-01-08T18:43:58","slug":"jezrrel-el-invisible-corrales-boxeador-del-ano-en-panama","status":"publish","type":"post","link":"https:\/\/sertv.gob.pa\/nacionalfm\/jezrrel-el-invisible-corrales-boxeador-del-ano-en-panama\/","title":{"rendered":"Jezrrel \u201cEl Invisible\u201d Corrales boxeador del a\u00f1o en Panam\u00e1"},"content":{"rendered":"<p>\nEl campe\u00f3n interino de los superpluma de la Asociaci\u00f3n Mundial de Boxeo Jezrrel &ldquo;El Invisible&rdquo; Corrales fue escogido por la Comisi\u00f3n de Boxeo Profesional de Panam\u00e1 y periodistas especializados en boxeo como el boxeador del a\u00f1o. <\/p>\n<p>Recientemente el p\u00fagil paname\u00f1o Corrales se coron\u00f3 al vencer por K.O.T. en 11 asaltos al mexicano Juan Antonio &ldquo;El Mozo&rdquo; Rodr\u00edguez, para para lograr ser el campe\u00f3n n\u00famero 30 nacido en Panam\u00e1. <\/p>\n<p>En otras escogencias Jaime Arboleda y Brian De Gracia fueron los prospectos del a\u00f1o con una votaci\u00f3n de 8-8, en tanto que novato del a\u00f1o fue escogido el invicto Fernando &ldquo;La Pantera&rdquo; Mart\u00ednez. <\/p>\n<p>La pelea del a\u00f1o recay\u00f3 en la realizada por el verag\u00fcense Rolando Giono y el venezolano radicado en Panam\u00e1 Tony G\u00f3mez, y la preliminar del a\u00f1o fue la del chiricano Daniel &ldquo;Macarr\u00f3n&rdquo; Miranda y Julio &ldquo;Dinamita&rdquo; Cama\u00f1o que gan\u00f3 sorpresivamente, este \u00faltimo. <\/p>\n<p>El K.O. del a\u00f1o fue el propinado recientemente por el invicto p\u00fagil paname\u00f1o Jaime Arboleda al venezolano Sandro Hern\u00e1ndez y se le dio menci\u00f3n honor\u00edfica al K.O. que le proporcion\u00f3 el sante\u00f1o Eric Castro al colonense Eric &ldquo;El L\u00e1tigo&rdquo; Walters. <\/p>\n<p>Como entrenador fue escogido Juan &ldquo;El Novelista&rdquo; Mosquera, como apoderada del a\u00f1o Lesbia de Moss, quien dirige los destinos del campe\u00f3n N\u00famero 30, Jezrrel Corrales, como empresa promotora del a\u00f1o Promociones y Eventos del Istmo que preside Rogelio Espinho. <\/p>\n","protected":false},"excerpt":{"rendered":"<p>El campe\u00f3n interino de los superpluma de la Asociaci\u00f3n Mundial <a href=\"https:\/\/sertv.gob.pa\/nacionalfm\/jezrrel-el-invisible-corrales-boxeador-del-ano-en-panama\/\"> [&#8230;]<\/a><\/p>\n","protected":false},"author":1,"featured_media":9872,"comment_status":"closed","ping_status":"closed","sticky":false,"template":"","format":"standard","meta":{"footnotes":""},"categories":[4],"tags":[],"class_list":["post-9871","post","type-post","status-publish","format-standard","has-post-thumbnail","hentry","category-deportes"],"_links":{"self":[{"href":"https:\/\/sertv.gob.pa\/nacionalfm\/wp-json\/wp\/v2\/posts\/9871","targetHints":{"allow":["GET"]}}],"collection":[{"href":"https:\/\/sertv.gob.pa\/nacionalfm\/wp-json\/wp\/v2\/posts"}],"about":[{"href":"https:\/\/sertv.gob.pa\/nacionalfm\/wp-json\/wp\/v2\/types\/post"}],"author":[{"embeddable":true,"href":"https:\/\/sertv.gob.pa\/nacionalfm\/wp-json\/wp\/v2\/users\/1"}],"replies":[{"embeddable":true,"href":"https:\/\/sertv.gob.pa\/nacionalfm\/wp-json\/wp\/v2\/comments?post=9871"}],"version-history":[{"count":0,"href":"https:\/\/sertv.gob.pa\/nacionalfm\/wp-json\/wp\/v2\/posts\/9871\/revisions"}],"wp:featuredmedia":[{"embeddable":true,"href":"https:\/\/sertv.gob.pa\/nacionalfm\/wp-json\/wp\/v2\/media\/9872"}],"wp:attachment":[{"href":"https:\/\/sertv.gob.pa\/nacionalfm\/wp-json\/wp\/v2\/media?parent=9871"}],"wp:term":[{"taxonomy":"category","embeddable":true,"href":"https:\/\/sertv.gob.pa\/nacionalfm\/wp-json\/wp\/v2\/categories?post=9871"},{"taxonomy":"post_tag","embeddable":true,"href":"https:\/\/sertv.gob.pa\/nacionalfm\/wp-json\/wp\/v2\/tags?post=9871"}],"curies":[{"name":"wp","href":"https:\/\/api.w.org\/{rel}","templated":true}]}}